{"id":4077,"date":"2025-02-24T13:47:43","date_gmt":"2025-02-24T12:47:43","guid":{"rendered":"https:\/\/agora.xtec.cat\/ceipfmacia-orrius\/?p=4077"},"modified":"2025-09-26T10:40:03","modified_gmt":"2025-09-26T08:40:03","slug":"preinscripcio-escolar-2025-2026","status":"publish","type":"post","link":"https:\/\/agora.xtec.cat\/ceipfmacia-orrius\/portada\/preinscripcio-escolar-2025-2026\/","title":{"rendered":"MATRICULACI\u00d3  INFANTIL I PRIM\u00c0RIA CURS 2025-26"},"content":{"rendered":"<p>EN AQUEST <a href=\"https:\/\/preinscripcio.gencat.cat\/ca\/estudis\/primaria\/matriculat\/index.html\">ENLLA\u00c7<\/a> TENIU TOTA LA INFORMACI\u00d3 I ACC\u00c9S A LA WEB DE MATRICULACI\u00d3 PEL CURS 25-26 DEL DEPARTAMENT.<\/p>\n<p>AQU\u00cd TENIU <a href=\"https:\/\/drive.google.com\/file\/d\/1cF2xliAYNY7Z-5I6FaYkQTk2DqkiNFCk\/view?usp=drive_link\">L&#8217;ENLLA\u00c7<\/a> PER VEURE L&#8217;OFERTA DE PLACES DE L&#8217;ESCOLA.<\/p>\n<p>AQU\u00cd TENIU <a href=\"https:\/\/drive.google.com\/file\/d\/1lZVFidLCo-rerExIduDqJLQ5563r7qGD\/view?usp=drive_link\">L&#8217;ENLLA\u00c7<\/a> DEL BAREM PROVISIONAL CURS 25-26<\/p>\n<p>AQU\u00cd TENIU <a href=\"https:\/\/drive.google.com\/file\/d\/1NTxCdANCNSLZi5fJb0Zb2cGjap6h8Ckk\/view?usp=sharing\">L&#8217;ENLLA\u00c7<\/a> DE L&#8217;OFERTA DE PLACES PER\u00a0 LA LLAR D&#8217;INFANTS<\/p>\n<p>AQU\u00cd TENIU <a href=\"https:\/\/drive.google.com\/file\/d\/1SEhucXnXevFZRvfb_M-vxQwzvWyLztir\/view?usp=sharing\">L&#8217;ENLLA\u00c7<\/a> DE LA LLISTA DE SOL\u00b7LICITUD AMB LA PUNTUACI\u00d3 PROVISIONAL<\/p>\n<p>AQU\u00cd TENIU<a href=\"https:\/\/drive.google.com\/file\/d\/1UVb0LLrbgbkuOZMnqaT8cRi5QVO8j5-x\/view?usp=sharing\"> L&#8217;ENLLA\u00c7<\/a> A LA LLISTA D&#8217;ALUMNES ADMESOS A L&#8217;ESCOLETA.<\/p>\n","protected":false},"excerpt":{"rendered":"<p>EN AQUEST <a href=\"https:\/\/preinscripcio.gencat.cat\/ca\/estudis\/primaria\/matriculat\/index.html\">ENLLA\u00c7<\/a> TENIU TOTA LA INFORMACI\u00d3 I ACC\u00c9S A LA WEB DE MATRICULACI\u00d3 PEL CURS 25-26 DEL DEPARTAMENT.<br \/>\nAQU\u00cd TENIU <a href=\"https:\/\/drive.google.com\/file\/d\/1cF2xliAYNY7Z-5I6FaYkQTk2DqkiNFCk\/view?usp=drive_link\">L&#8217;ENLLA\u00c7<\/a> PER VEURE L&#8217;OFERTA DE PLACES DE L&#8217;ESCOLA.<br \/>\nAQU\u00cd TENIU <a href=\"https:\/\/drive.google.com\/file\/d\/1lZVFidLCo-rerExIduDqJLQ5563r7qGD\/view?usp=drive_link\">L&#8217;ENLLA\u00c7<\/a> DEL BAREM PROVISIONAL CURS 25-26<br \/>\nAQU\u00cd TENIU <a href=\"https:\/\/drive.google.com\/file\/d\/1NTxCdANCNSLZi5fJb0Zb2cGjap6h8Ckk\/view?usp=sharing\">L&#8217;ENLLA\u00c7<\/a> DE L&#8217;OFERTA DE PLACES&hellip;  <a href=\"https:\/\/agora.xtec.cat\/ceipfmacia-orrius\/portada\/preinscripcio-escolar-2025-2026\/\" title=\"Read MATRICULACI\u00d3  INFANTIL I PRIM\u00c0RIA CURS 2025-26\">Llegeix m\u00e9s\u00bb<\/a><\/p>\n","protected":false},"author":1,"featured_media":4825,"comment_status":"open","ping_status":"closed","sticky":false,"template":"","format":"standard","meta":{"_bbp_topic_count":0,"_bbp_reply_count":0,"_bbp_total_topic_count":0,"_bbp_total_reply_count":0,"_bbp_voice_count":0,"_bbp_anonymous_reply_count":0,"_bbp_topic_count_hidden":0,"_bbp_reply_count_hidden":0,"_bbp_forum_subforum_count":0,"footnotes":""},"categories":[4],"tags":[],"class_list":["post-4077","post","type-post","status-publish","format-standard","has-post-thumbnail","hentry","category-portada"],"post_mailing_queue_ids":[],"_links":{"self":[{"href":"https:\/\/agora.xtec.cat\/ceipfmacia-orrius\/wp-json\/wp\/v2\/posts\/4077","targetHints":{"allow":["GET"]}}],"collection":[{"href":"https:\/\/agora.xtec.cat\/ceipfmacia-orrius\/wp-json\/wp\/v2\/posts"}],"about":[{"href":"https:\/\/agora.xtec.cat\/ceipfmacia-orrius\/wp-json\/wp\/v2\/types\/post"}],"author":[{"embeddable":true,"href":"https:\/\/agora.xtec.cat\/ceipfmacia-orrius\/wp-json\/wp\/v2\/users\/1"}],"replies":[{"embeddable":true,"href":"https:\/\/agora.xtec.cat\/ceipfmacia-orrius\/wp-json\/wp\/v2\/comments?post=4077"}],"version-history":[{"count":6,"href":"https:\/\/agora.xtec.cat\/ceipfmacia-orrius\/wp-json\/wp\/v2\/posts\/4077\/revisions"}],"predecessor-version":[{"id":4826,"href":"https:\/\/agora.xtec.cat\/ceipfmacia-orrius\/wp-json\/wp\/v2\/posts\/4077\/revisions\/4826"}],"wp:featuredmedia":[{"embeddable":true,"href":"https:\/\/agora.xtec.cat\/ceipfmacia-orrius\/wp-json\/wp\/v2\/media\/4825"}],"wp:attachment":[{"href":"https:\/\/agora.xtec.cat\/ceipfmacia-orrius\/wp-json\/wp\/v2\/media?parent=4077"}],"wp:term":[{"taxonomy":"category","embeddable":true,"href":"https:\/\/agora.xtec.cat\/ceipfmacia-orrius\/wp-json\/wp\/v2\/categories?post=4077"},{"taxonomy":"post_tag","embeddable":true,"href":"https:\/\/agora.xtec.cat\/ceipfmacia-orrius\/wp-json\/wp\/v2\/tags?post=4077"}],"curies":[{"name":"wp","href":"https:\/\/api.w.org\/{rel}","templated":true}]}}