{"id":4071,"date":"2025-02-18T13:37:25","date_gmt":"2025-02-18T12:37:25","guid":{"rendered":"https:\/\/agora.xtec.cat\/ceipfmacia-orrius\/?p=4071"},"modified":"2025-02-18T13:38:01","modified_gmt":"2025-02-18T12:38:01","slug":"robotica","status":"publish","type":"post","link":"https:\/\/agora.xtec.cat\/ceipfmacia-orrius\/general\/robotica\/","title":{"rendered":"ROB\u00d2TICA"},"content":{"rendered":"<p>Els nens i nenes de Cicle Inicial i Cicle Mitj\u00e0 estem duent a terme el projecte de <a href=\"https:\/\/projectes.xtec.cat\/pensament-computacional\/robots-en-accio\/tria-reptes\/\">Robots en acci\u00f3!<\/a> Treballem el pensament computacional a trav\u00e9s de la programaci\u00f3 i la rob\u00f2tica. La nostra missi\u00f3 \u00e9s salvar la Dra. Snippet i protegir el planeta dels robots xeldonians! Som-hi!<\/p>\n<p>En aquests enlla\u00e7os podeu trobar algunes fotografies:<\/p>\n<p><a href=\"https:\/\/drive.google.com\/drive\/folders\/1cxNI_yBtesgSMqmroPBJi9-IXocItSf9?usp=drive_link\">Cicle Inicial<\/a><\/p>\n<p><a href=\"https:\/\/drive.google.com\/drive\/folders\/1eENd4MwBXNI44UkI_F2YWvy0aBJPKBHN?usp=drive_link\">Cicle Mitj\u00e0<\/a><\/p>\n","protected":false},"excerpt":{"rendered":"<p>Els nens i nenes de Cicle Inicial i Cicle Mitj\u00e0 estem duent a terme el projecte de <a href=\"https:\/\/projectes.xtec.cat\/pensament-computacional\/robots-en-accio\/tria-reptes\/\">Robots en acci\u00f3!<\/a> Treballem el pensament computacional a trav\u00e9s de la programaci\u00f3 i la rob\u00f2tica. La nostra missi\u00f3 \u00e9s salvar la Dra. Snippet i protegir el planeta&hellip;  <a href=\"https:\/\/agora.xtec.cat\/ceipfmacia-orrius\/general\/robotica\/\" title=\"Read ROB\u00d2TICA\">Llegeix m\u00e9s\u00bb<\/a><\/p>\n","protected":false},"author":29,"featured_media":4072,"comment_status":"open","ping_status":"closed","sticky":false,"template":"","format":"standard","meta":{"_bbp_topic_count":0,"_bbp_reply_count":0,"_bbp_total_topic_count":0,"_bbp_total_reply_count":0,"_bbp_voice_count":0,"_bbp_anonymous_reply_count":0,"_bbp_topic_count_hidden":0,"_bbp_reply_count_hidden":0,"_bbp_forum_subforum_count":0,"footnotes":""},"categories":[10,1,13,4],"tags":[],"class_list":["post-4071","post","type-post","status-publish","format-standard","has-post-thumbnail","hentry","category-anelles-olimpiques","category-general","category-mascotes-olimpiques","category-portada"],"post_mailing_queue_ids":[],"_links":{"self":[{"href":"https:\/\/agora.xtec.cat\/ceipfmacia-orrius\/wp-json\/wp\/v2\/posts\/4071","targetHints":{"allow":["GET"]}}],"collection":[{"href":"https:\/\/agora.xtec.cat\/ceipfmacia-orrius\/wp-json\/wp\/v2\/posts"}],"about":[{"href":"https:\/\/agora.xtec.cat\/ceipfmacia-orrius\/wp-json\/wp\/v2\/types\/post"}],"author":[{"embeddable":true,"href":"https:\/\/agora.xtec.cat\/ceipfmacia-orrius\/wp-json\/wp\/v2\/users\/29"}],"replies":[{"embeddable":true,"href":"https:\/\/agora.xtec.cat\/ceipfmacia-orrius\/wp-json\/wp\/v2\/comments?post=4071"}],"version-history":[{"count":1,"href":"https:\/\/agora.xtec.cat\/ceipfmacia-orrius\/wp-json\/wp\/v2\/posts\/4071\/revisions"}],"predecessor-version":[{"id":4073,"href":"https:\/\/agora.xtec.cat\/ceipfmacia-orrius\/wp-json\/wp\/v2\/posts\/4071\/revisions\/4073"}],"wp:featuredmedia":[{"embeddable":true,"href":"https:\/\/agora.xtec.cat\/ceipfmacia-orrius\/wp-json\/wp\/v2\/media\/4072"}],"wp:attachment":[{"href":"https:\/\/agora.xtec.cat\/ceipfmacia-orrius\/wp-json\/wp\/v2\/media?parent=4071"}],"wp:term":[{"taxonomy":"category","embeddable":true,"href":"https:\/\/agora.xtec.cat\/ceipfmacia-orrius\/wp-json\/wp\/v2\/categories?post=4071"},{"taxonomy":"post_tag","embeddable":true,"href":"https:\/\/agora.xtec.cat\/ceipfmacia-orrius\/wp-json\/wp\/v2\/tags?post=4071"}],"curies":[{"name":"wp","href":"https:\/\/api.w.org\/{rel}","templated":true}]}}