{"id":4044,"date":"2025-01-27T10:26:06","date_gmt":"2025-01-27T09:26:06","guid":{"rendered":"https:\/\/agora.xtec.cat\/ceipfmacia-orrius\/?p=4044"},"modified":"2025-02-20T12:23:21","modified_gmt":"2025-02-20T11:23:21","slug":"portes-obertes-25","status":"publish","type":"post","link":"https:\/\/agora.xtec.cat\/ceipfmacia-orrius\/general\/portes-obertes-25\/","title":{"rendered":"PORTES OBERTES &#8217;25"},"content":{"rendered":"<p>Fem difusi\u00f3 que el proper dimecres 12 de febrer l&#8217;Escola \u00d2rrius obrir\u00e0 <span style=\"font-family: inherit; font-size: 1em;\">portes de 9:15 a 12:15 per tal que qui sigui del poble i tingui inter\u00e8s a matricular futurament al seu infant a l&#8217;escola, pot venir a visitar-la i veure en directe el seu funcionament i com ens organitzem com a Escola Rural des d&#8217;I1 fins a 6\u00e8.<\/span><\/p>\n","protected":false},"excerpt":{"rendered":"<p>Fem difusi\u00f3 que el proper dimecres 12 de febrer l&#8217;Escola \u00d2rrius obrir\u00e0 portes de 9:15 a 12:15 per tal que qui sigui del poble i tingui inter\u00e8s a matricular futurament al seu infant a l&#8217;escola, pot venir a visitar-la i veure en directe el seu&hellip;  <a href=\"https:\/\/agora.xtec.cat\/ceipfmacia-orrius\/general\/portes-obertes-25\/\" title=\"Read PORTES OBERTES &#8217;25\">Llegeix m\u00e9s\u00bb<\/a><\/p>\n","protected":false},"author":1,"featured_media":4047,"comment_status":"open","ping_status":"closed","sticky":false,"template":"","format":"standard","meta":{"_bbp_topic_count":0,"_bbp_reply_count":0,"_bbp_total_topic_count":0,"_bbp_total_reply_count":0,"_bbp_voice_count":0,"_bbp_anonymous_reply_count":0,"_bbp_topic_count_hidden":0,"_bbp_reply_count_hidden":0,"_bbp_forum_subforum_count":0,"footnotes":""},"categories":[1,4],"tags":[],"class_list":["post-4044","post","type-post","status-publish","format-standard","has-post-thumbnail","hentry","category-general","category-portada"],"post_mailing_queue_ids":[],"_links":{"self":[{"href":"https:\/\/agora.xtec.cat\/ceipfmacia-orrius\/wp-json\/wp\/v2\/posts\/4044","targetHints":{"allow":["GET"]}}],"collection":[{"href":"https:\/\/agora.xtec.cat\/ceipfmacia-orrius\/wp-json\/wp\/v2\/posts"}],"about":[{"href":"https:\/\/agora.xtec.cat\/ceipfmacia-orrius\/wp-json\/wp\/v2\/types\/post"}],"author":[{"embeddable":true,"href":"https:\/\/agora.xtec.cat\/ceipfmacia-orrius\/wp-json\/wp\/v2\/users\/1"}],"replies":[{"embeddable":true,"href":"https:\/\/agora.xtec.cat\/ceipfmacia-orrius\/wp-json\/wp\/v2\/comments?post=4044"}],"version-history":[{"count":1,"href":"https:\/\/agora.xtec.cat\/ceipfmacia-orrius\/wp-json\/wp\/v2\/posts\/4044\/revisions"}],"predecessor-version":[{"id":4048,"href":"https:\/\/agora.xtec.cat\/ceipfmacia-orrius\/wp-json\/wp\/v2\/posts\/4044\/revisions\/4048"}],"wp:featuredmedia":[{"embeddable":true,"href":"https:\/\/agora.xtec.cat\/ceipfmacia-orrius\/wp-json\/wp\/v2\/media\/4047"}],"wp:attachment":[{"href":"https:\/\/agora.xtec.cat\/ceipfmacia-orrius\/wp-json\/wp\/v2\/media?parent=4044"}],"wp:term":[{"taxonomy":"category","embeddable":true,"href":"https:\/\/agora.xtec.cat\/ceipfmacia-orrius\/wp-json\/wp\/v2\/categories?post=4044"},{"taxonomy":"post_tag","embeddable":true,"href":"https:\/\/agora.xtec.cat\/ceipfmacia-orrius\/wp-json\/wp\/v2\/tags?post=4044"}],"curies":[{"name":"wp","href":"https:\/\/api.w.org\/{rel}","templated":true}]}}