{"id":4023,"date":"2025-01-10T15:56:15","date_gmt":"2025-01-10T14:56:15","guid":{"rendered":"https:\/\/agora.xtec.cat\/ceipfmacia-orrius\/?p=4023"},"modified":"2025-01-13T15:18:56","modified_gmt":"2025-01-13T14:18:56","slug":"tornem-a-jugar-en-familia","status":"publish","type":"post","link":"https:\/\/agora.xtec.cat\/ceipfmacia-orrius\/general\/tornem-a-jugar-en-familia\/","title":{"rendered":"TORNEM A JUGAR EN FAM\u00cdLIA!"},"content":{"rendered":"<p>El passat divendres 10 de gener a\u00a0 la tarda van tenir lloc la segona edici\u00f3 de jocs en fam\u00edlia d&#8217;aquest curs. Aquesta activitat \u00e9s molt esperada i gaudida tant per infants com per les fam\u00edlies volunt\u00e0ries, que gr\u00e0cies a elles podem dur a terme aquesta tarda.<\/p>\n<p>Aqu\u00ed us deixem un <a href=\"https:\/\/drive.google.com\/drive\/folders\/1xoHaPD62X_PqXwKOEmMiKXDOEh_NGLo3?usp=sharing\">recull de fotografies<\/a> de la tarda<\/p>\n<p>&nbsp;<\/p>\n","protected":false},"excerpt":{"rendered":"<p>El passat divendres 10 de gener a\u00a0 la tarda van tenir lloc la segona edici\u00f3 de jocs en fam\u00edlia d&#8217;aquest curs. Aquesta activitat \u00e9s molt esperada i gaudida tant per infants com per les fam\u00edlies volunt\u00e0ries, que gr\u00e0cies a elles podem dur a terme aquesta&hellip;  <a href=\"https:\/\/agora.xtec.cat\/ceipfmacia-orrius\/general\/tornem-a-jugar-en-familia\/\" title=\"Read TORNEM A JUGAR EN FAM\u00cdLIA!\">Llegeix m\u00e9s\u00bb<\/a><\/p>\n","protected":false},"author":1,"featured_media":4024,"comment_status":"open","ping_status":"closed","sticky":false,"template":"","format":"standard","meta":{"_bbp_topic_count":0,"_bbp_reply_count":0,"_bbp_total_topic_count":0,"_bbp_total_reply_count":0,"_bbp_voice_count":0,"_bbp_anonymous_reply_count":0,"_bbp_topic_count_hidden":0,"_bbp_reply_count_hidden":0,"_bbp_forum_subforum_count":0,"footnotes":""},"categories":[1,4],"tags":[],"class_list":["post-4023","post","type-post","status-publish","format-standard","has-post-thumbnail","hentry","category-general","category-portada"],"post_mailing_queue_ids":[],"_links":{"self":[{"href":"https:\/\/agora.xtec.cat\/ceipfmacia-orrius\/wp-json\/wp\/v2\/posts\/4023","targetHints":{"allow":["GET"]}}],"collection":[{"href":"https:\/\/agora.xtec.cat\/ceipfmacia-orrius\/wp-json\/wp\/v2\/posts"}],"about":[{"href":"https:\/\/agora.xtec.cat\/ceipfmacia-orrius\/wp-json\/wp\/v2\/types\/post"}],"author":[{"embeddable":true,"href":"https:\/\/agora.xtec.cat\/ceipfmacia-orrius\/wp-json\/wp\/v2\/users\/1"}],"replies":[{"embeddable":true,"href":"https:\/\/agora.xtec.cat\/ceipfmacia-orrius\/wp-json\/wp\/v2\/comments?post=4023"}],"version-history":[{"count":3,"href":"https:\/\/agora.xtec.cat\/ceipfmacia-orrius\/wp-json\/wp\/v2\/posts\/4023\/revisions"}],"predecessor-version":[{"id":4028,"href":"https:\/\/agora.xtec.cat\/ceipfmacia-orrius\/wp-json\/wp\/v2\/posts\/4023\/revisions\/4028"}],"wp:featuredmedia":[{"embeddable":true,"href":"https:\/\/agora.xtec.cat\/ceipfmacia-orrius\/wp-json\/wp\/v2\/media\/4024"}],"wp:attachment":[{"href":"https:\/\/agora.xtec.cat\/ceipfmacia-orrius\/wp-json\/wp\/v2\/media?parent=4023"}],"wp:term":[{"taxonomy":"category","embeddable":true,"href":"https:\/\/agora.xtec.cat\/ceipfmacia-orrius\/wp-json\/wp\/v2\/categories?post=4023"},{"taxonomy":"post_tag","embeddable":true,"href":"https:\/\/agora.xtec.cat\/ceipfmacia-orrius\/wp-json\/wp\/v2\/tags?post=4023"}],"curies":[{"name":"wp","href":"https:\/\/api.w.org\/{rel}","templated":true}]}}