{"id":3991,"date":"2024-11-15T15:38:19","date_gmt":"2024-11-15T14:38:19","guid":{"rendered":"https:\/\/agora.xtec.cat\/ceipfmacia-orrius\/?p=3991"},"modified":"2024-11-15T15:38:41","modified_gmt":"2024-11-15T14:38:41","slug":"la-tardor-arriba-a-lescoleta","status":"publish","type":"post","link":"https:\/\/agora.xtec.cat\/ceipfmacia-orrius\/general\/la-tardor-arriba-a-lescoleta\/","title":{"rendered":"LA TARDOR ARRIBA A L\u2019ESCOLETA"},"content":{"rendered":"<p><span style=\"font-weight: 400;\">L\u2019arribada de la tardor ha omplert l\u2019escoleta de fulles, cargols, carbasses i uns colors molt bonics amb els que hem decorat l\u2019estan\u00e7a, <a href=\"https:\/\/drive.google.com\/drive\/folders\/1A9iXoQbvbuaebU__0YRga2x2drCJHPgv?usp=drive_link\">aqu\u00ed<\/a> ho podeu veure \ud83d\udcf7\u00a0 .<\/span><\/p>\n<p><span style=\"font-weight: 400;\">Hem recollit, trepitjat i esquin\u00e7at una pila de fulles que hi havia al nostre pati i tamb\u00e9 hem descobert que s\u00f3n de molts colors i cauen, com diu la <a href=\"https:\/\/www.youtube.com\/watch?v=p4JfqcRXidI\">canc\u00f3<\/a>: <\/span><span style=\"font-weight: 400;\">\u201cGroc, groc, groc, <\/span><span style=\"font-weight: 400;\">groc, groc, groc. <\/span><span style=\"font-weight: 400;\">Grogues i seques s\u00f3n les fulles. <\/span><span style=\"font-weight: 400;\">Groc, groc, groc,<\/span><span style=\"font-weight: 400;\">groc, groc, groc. <\/span><span style=\"font-weight: 400;\">Grogues, vermelles i marrons\u201d.\u00a0<\/span><\/p>\n<p><span style=\"font-weight: 400;\">Hem explicat contes i ens ha agradat molt\u00a0 \u201cSopa de carbassa\u201d de Helen Cooper. Hem investigat com \u00e9s per dins, quina olor fa, quin gust t\u00e9&#8230; i ens hem atrevit a preparar una sopa bonissima !<\/span><\/p>\n<p><span style=\"font-weight: 400;\">Tamb\u00e9 hem fet\u00a0 una sortida al bosc on ens esperaven les castanyeres, que portaven camisa petita i faldilla amb forma de campana tal com <a href=\"https:\/\/www.youtube.com\/watch?v=sshpaehePcs\">cantem<\/a> a l&#8217;escoleta.<\/span><\/p>\n<p><span style=\"font-weight: 400;\">Fam\u00edlies, esperem que us agradi aquest recull que us hem preparat amb molt de \ud83e\udef6.<\/span><\/p>\n<p><span style=\"font-weight: 400;\">Les mestres de l\u2019escoleta.<\/span><\/p>\n","protected":false},"excerpt":{"rendered":"<p>L\u2019arribada de la tardor ha omplert l\u2019escoleta de fulles, cargols, carbasses i uns colors molt bonics amb els que hem decorat l\u2019estan\u00e7a, <a href=\"https:\/\/drive.google.com\/drive\/folders\/1A9iXoQbvbuaebU__0YRga2x2drCJHPgv?usp=drive_link\">aqu\u00ed<\/a> ho podeu veure \ud83d\udcf7\u00a0 .<br \/>\nHem recollit, trepitjat i esquin\u00e7at una pila de fulles que hi havia al nostre pati i tamb\u00e9&hellip;  <a href=\"https:\/\/agora.xtec.cat\/ceipfmacia-orrius\/general\/la-tardor-arriba-a-lescoleta\/\" title=\"Read LA TARDOR ARRIBA A L\u2019ESCOLETA\">Llegeix m\u00e9s\u00bb<\/a><\/p>\n","protected":false},"author":58,"featured_media":3997,"comment_status":"open","ping_status":"closed","sticky":false,"template":"","format":"standard","meta":{"_bbp_topic_count":0,"_bbp_reply_count":0,"_bbp_total_topic_count":0,"_bbp_total_reply_count":0,"_bbp_voice_count":0,"_bbp_anonymous_reply_count":0,"_bbp_topic_count_hidden":0,"_bbp_reply_count_hidden":0,"_bbp_forum_subforum_count":0,"footnotes":""},"categories":[170,1,4],"tags":[179,180],"class_list":["post-3991","post","type-post","status-publish","format-standard","has-post-thumbnail","hentry","category-escoleta","category-general","category-portada","tag-escoleta","tag-tardor"],"post_mailing_queue_ids":[],"_links":{"self":[{"href":"https:\/\/agora.xtec.cat\/ceipfmacia-orrius\/wp-json\/wp\/v2\/posts\/3991","targetHints":{"allow":["GET"]}}],"collection":[{"href":"https:\/\/agora.xtec.cat\/ceipfmacia-orrius\/wp-json\/wp\/v2\/posts"}],"about":[{"href":"https:\/\/agora.xtec.cat\/ceipfmacia-orrius\/wp-json\/wp\/v2\/types\/post"}],"author":[{"embeddable":true,"href":"https:\/\/agora.xtec.cat\/ceipfmacia-orrius\/wp-json\/wp\/v2\/users\/58"}],"replies":[{"embeddable":true,"href":"https:\/\/agora.xtec.cat\/ceipfmacia-orrius\/wp-json\/wp\/v2\/comments?post=3991"}],"version-history":[{"count":6,"href":"https:\/\/agora.xtec.cat\/ceipfmacia-orrius\/wp-json\/wp\/v2\/posts\/3991\/revisions"}],"predecessor-version":[{"id":3998,"href":"https:\/\/agora.xtec.cat\/ceipfmacia-orrius\/wp-json\/wp\/v2\/posts\/3991\/revisions\/3998"}],"wp:featuredmedia":[{"embeddable":true,"href":"https:\/\/agora.xtec.cat\/ceipfmacia-orrius\/wp-json\/wp\/v2\/media\/3997"}],"wp:attachment":[{"href":"https:\/\/agora.xtec.cat\/ceipfmacia-orrius\/wp-json\/wp\/v2\/media?parent=3991"}],"wp:term":[{"taxonomy":"category","embeddable":true,"href":"https:\/\/agora.xtec.cat\/ceipfmacia-orrius\/wp-json\/wp\/v2\/categories?post=3991"},{"taxonomy":"post_tag","embeddable":true,"href":"https:\/\/agora.xtec.cat\/ceipfmacia-orrius\/wp-json\/wp\/v2\/tags?post=3991"}],"curies":[{"name":"wp","href":"https:\/\/api.w.org\/{rel}","templated":true}]}}