{"id":3987,"date":"2024-11-05T12:07:38","date_gmt":"2024-11-05T11:07:38","guid":{"rendered":"https:\/\/agora.xtec.cat\/ceipfmacia-orrius\/?p=3987"},"modified":"2024-11-05T12:08:29","modified_gmt":"2024-11-05T11:08:29","slug":"la-castanyada24","status":"publish","type":"post","link":"https:\/\/agora.xtec.cat\/ceipfmacia-orrius\/portada\/la-castanyada24\/","title":{"rendered":"LA CASTANYADA&#8217;24"},"content":{"rendered":"<p data-pm-slice=\"1 1 []\">Una de les festes m\u00e9s esperades del trimestre ha arribat. I \u00e9s que a l&#8217;Escola \u00d2rrius celebrem les festes tradicionals intensament.\u00a0 El\u00a0 dimarts 29, tota l&#8217;escola, des d&#8217;escoleta fins a 6\u00e8,\u00a0 vam anar al bosc per buscar a les castanyeres, que sempre estan voltant per aqu\u00ed aprop, i vam tenir la sort de veure-les!.<\/p>\n<p data-pm-slice=\"1 1 []\">El dijous 31 vam celebrar la Castanyada, amb contes, danses i tallers de panellets.<a href=\"https:\/\/drive.google.com\/drive\/folders\/1UA8gJ737EP6-qIZL4TkgrgV3Drh06gqj?usp=sharing\"> Aqu\u00ed<\/a> podeu veure les fotos que transmeten la il\u00b7lusi\u00f3 dels infants i la implicaci\u00f3 de les fam\u00edlies en fer que aquesta festa, tan nostra, surti sempre rodona.<\/p>\n","protected":false},"excerpt":{"rendered":"<p>Una de les festes m\u00e9s esperades del trimestre ha arribat. I \u00e9s que a l&#8217;Escola \u00d2rrius celebrem les festes tradicionals intensament.\u00a0 El\u00a0 dimarts 29, tota l&#8217;escola, des d&#8217;escoleta fins a 6\u00e8,\u00a0 vam anar al bosc per buscar a les castanyeres, que sempre estan voltant per&hellip;  <a href=\"https:\/\/agora.xtec.cat\/ceipfmacia-orrius\/portada\/la-castanyada24\/\" title=\"Read LA CASTANYADA&#8217;24\">Llegeix m\u00e9s\u00bb<\/a><\/p>\n","protected":false},"author":1,"featured_media":3988,"comment_status":"open","ping_status":"closed","sticky":false,"template":"","format":"standard","meta":{"_bbp_topic_count":0,"_bbp_reply_count":0,"_bbp_total_topic_count":0,"_bbp_total_reply_count":0,"_bbp_voice_count":0,"_bbp_anonymous_reply_count":0,"_bbp_topic_count_hidden":0,"_bbp_reply_count_hidden":0,"_bbp_forum_subforum_count":0,"footnotes":""},"categories":[5,60,61,170,67,4],"tags":[],"class_list":["post-3987","post","type-post","status-publish","format-standard","has-post-thumbnail","hentry","category-ci","category-cm","category-cs","category-escoleta","category-festes","category-portada"],"post_mailing_queue_ids":[],"_links":{"self":[{"href":"https:\/\/agora.xtec.cat\/ceipfmacia-orrius\/wp-json\/wp\/v2\/posts\/3987","targetHints":{"allow":["GET"]}}],"collection":[{"href":"https:\/\/agora.xtec.cat\/ceipfmacia-orrius\/wp-json\/wp\/v2\/posts"}],"about":[{"href":"https:\/\/agora.xtec.cat\/ceipfmacia-orrius\/wp-json\/wp\/v2\/types\/post"}],"author":[{"embeddable":true,"href":"https:\/\/agora.xtec.cat\/ceipfmacia-orrius\/wp-json\/wp\/v2\/users\/1"}],"replies":[{"embeddable":true,"href":"https:\/\/agora.xtec.cat\/ceipfmacia-orrius\/wp-json\/wp\/v2\/comments?post=3987"}],"version-history":[{"count":1,"href":"https:\/\/agora.xtec.cat\/ceipfmacia-orrius\/wp-json\/wp\/v2\/posts\/3987\/revisions"}],"predecessor-version":[{"id":3989,"href":"https:\/\/agora.xtec.cat\/ceipfmacia-orrius\/wp-json\/wp\/v2\/posts\/3987\/revisions\/3989"}],"wp:featuredmedia":[{"embeddable":true,"href":"https:\/\/agora.xtec.cat\/ceipfmacia-orrius\/wp-json\/wp\/v2\/media\/3988"}],"wp:attachment":[{"href":"https:\/\/agora.xtec.cat\/ceipfmacia-orrius\/wp-json\/wp\/v2\/media?parent=3987"}],"wp:term":[{"taxonomy":"category","embeddable":true,"href":"https:\/\/agora.xtec.cat\/ceipfmacia-orrius\/wp-json\/wp\/v2\/categories?post=3987"},{"taxonomy":"post_tag","embeddable":true,"href":"https:\/\/agora.xtec.cat\/ceipfmacia-orrius\/wp-json\/wp\/v2\/tags?post=3987"}],"curies":[{"name":"wp","href":"https:\/\/api.w.org\/{rel}","templated":true}]}}