{"id":3984,"date":"2024-10-29T11:08:52","date_gmt":"2024-10-29T10:08:52","guid":{"rendered":"https:\/\/agora.xtec.cat\/ceipfmacia-orrius\/?p=3984"},"modified":"2024-11-05T12:08:47","modified_gmt":"2024-11-05T11:08:47","slug":"tarda-de-jocs-en-familia","status":"publish","type":"post","link":"https:\/\/agora.xtec.cat\/ceipfmacia-orrius\/general\/tarda-de-jocs-en-familia\/","title":{"rendered":"TARDA DE JOCS EN FAM\u00cdLIA"},"content":{"rendered":"<p>El 25 d&#8217;actubre vam encetar la tarda de jocs d taula en fam\u00edlia d&#8217;aquest curs. Com era d&#8217;esperar, ha estat una activitat molt engrescadora pedag\u00f2gicament, col.laborativa i que fa cr\u00e8ixer el vincle entre la comunitat educativa.<\/p>\n<p>Moltes gr\u00e0cies fam\u00edlies per fer-ho possible!<\/p>\n<p><a href=\"https:\/\/drive.google.com\/drive\/folders\/1J9M4rml0Pwjt6EBYqJqmvPoQfpJ7uta9?usp=sharing\">Aqu\u00ed<\/a> podeu veure un petit tastet de la tarda.<\/p>\n","protected":false},"excerpt":{"rendered":"<p>El 25 d&#8217;actubre vam encetar la tarda de jocs d taula en fam\u00edlia d&#8217;aquest curs. Com era d&#8217;esperar, ha estat una activitat molt engrescadora pedag\u00f2gicament, col.laborativa i que fa cr\u00e8ixer el vincle entre la comunitat educativa.<br \/>\nMoltes gr\u00e0cies fam\u00edlies per fer-ho possible!<br \/>\n<a href=\"https:\/\/drive.google.com\/drive\/folders\/1J9M4rml0Pwjt6EBYqJqmvPoQfpJ7uta9?usp=sharing\">Aqu\u00ed<\/a> podeu veure un&hellip;  <a href=\"https:\/\/agora.xtec.cat\/ceipfmacia-orrius\/general\/tarda-de-jocs-en-familia\/\" title=\"Read TARDA DE JOCS EN FAM\u00cdLIA\">Llegeix m\u00e9s\u00bb<\/a><\/p>\n","protected":false},"author":1,"featured_media":3985,"comment_status":"open","ping_status":"closed","sticky":false,"template":"","format":"standard","meta":{"_bbp_topic_count":0,"_bbp_reply_count":0,"_bbp_total_topic_count":0,"_bbp_total_reply_count":0,"_bbp_voice_count":0,"_bbp_anonymous_reply_count":0,"_bbp_topic_count_hidden":0,"_bbp_reply_count_hidden":0,"_bbp_forum_subforum_count":0,"footnotes":""},"categories":[5,60,1,2,4],"tags":[],"class_list":["post-3984","post","type-post","status-publish","format-standard","has-post-thumbnail","hentry","category-ci","category-cm","category-general","category-infantil","category-portada"],"post_mailing_queue_ids":[],"_links":{"self":[{"href":"https:\/\/agora.xtec.cat\/ceipfmacia-orrius\/wp-json\/wp\/v2\/posts\/3984","targetHints":{"allow":["GET"]}}],"collection":[{"href":"https:\/\/agora.xtec.cat\/ceipfmacia-orrius\/wp-json\/wp\/v2\/posts"}],"about":[{"href":"https:\/\/agora.xtec.cat\/ceipfmacia-orrius\/wp-json\/wp\/v2\/types\/post"}],"author":[{"embeddable":true,"href":"https:\/\/agora.xtec.cat\/ceipfmacia-orrius\/wp-json\/wp\/v2\/users\/1"}],"replies":[{"embeddable":true,"href":"https:\/\/agora.xtec.cat\/ceipfmacia-orrius\/wp-json\/wp\/v2\/comments?post=3984"}],"version-history":[{"count":1,"href":"https:\/\/agora.xtec.cat\/ceipfmacia-orrius\/wp-json\/wp\/v2\/posts\/3984\/revisions"}],"predecessor-version":[{"id":3986,"href":"https:\/\/agora.xtec.cat\/ceipfmacia-orrius\/wp-json\/wp\/v2\/posts\/3984\/revisions\/3986"}],"wp:featuredmedia":[{"embeddable":true,"href":"https:\/\/agora.xtec.cat\/ceipfmacia-orrius\/wp-json\/wp\/v2\/media\/3985"}],"wp:attachment":[{"href":"https:\/\/agora.xtec.cat\/ceipfmacia-orrius\/wp-json\/wp\/v2\/media?parent=3984"}],"wp:term":[{"taxonomy":"category","embeddable":true,"href":"https:\/\/agora.xtec.cat\/ceipfmacia-orrius\/wp-json\/wp\/v2\/categories?post=3984"},{"taxonomy":"post_tag","embeddable":true,"href":"https:\/\/agora.xtec.cat\/ceipfmacia-orrius\/wp-json\/wp\/v2\/tags?post=3984"}],"curies":[{"name":"wp","href":"https:\/\/api.w.org\/{rel}","templated":true}]}}