{"id":3957,"date":"2024-09-23T11:59:08","date_gmt":"2024-09-23T09:59:08","guid":{"rendered":"https:\/\/agora.xtec.cat\/ceipfmacia-orrius\/?p=3957"},"modified":"2024-11-05T12:10:13","modified_gmt":"2024-11-05T11:10:13","slug":"primers-dies-a-lescola","status":"publish","type":"post","link":"https:\/\/agora.xtec.cat\/ceipfmacia-orrius\/portada\/primers-dies-a-lescola\/","title":{"rendered":"PRIMERS DIES A L&#8217;ESCOLA"},"content":{"rendered":"<p>Ja quasi hem acabat el setembre i com era d&#8217;esperar, l&#8217;escola torna a estar m\u00e9s viva que mai, gaudint dels companys, companyes i docents, de les din\u00e0miques de grup que s&#8217;han fet, de les estones de pati,&#8230;i tot all\u00f2 que fa que el dia a dia a l&#8217;escola sigui sempre diferent. Aqu\u00ed us deixem uns enlla\u00e7os on podeu mirar imatges d&#8217;aquests primers dies.<\/p>\n<p><a href=\"https:\/\/drive.google.com\/drive\/folders\/1ZXIDI76GPVXuTHHeClJDFs8Ix2lK3jhU?usp=sharing\">ESCOLETA<\/a><\/p>\n<p><a href=\"https:\/\/drive.google.com\/drive\/folders\/1rpsBl9omqU9aiX7Tn5ouLdyUoO8wyLdk?usp=sharing\">INFANTIL<\/a><\/p>\n<p><a href=\"https:\/\/drive.google.com\/drive\/folders\/1x_rpbsUYi6Z5w-9xPrbxZCzqDQslWCug?usp=sharing\">CI<\/a><\/p>\n<p><a href=\"https:\/\/drive.google.com\/drive\/folders\/1kLWrsRx92POlyLUfonZxUmdSTgqy3Acs?usp=sharing\">CM<\/a><\/p>\n<p><a href=\"https:\/\/drive.google.com\/drive\/folders\/1QbMe1CtR_FTCxOJA7OjbjC6zG0AT5FUV?usp=sharing\">CS<\/a><\/p>\n","protected":false},"excerpt":{"rendered":"<p>Ja quasi hem acabat el setembre i com era d&#8217;esperar, l&#8217;escola torna a estar m\u00e9s viva que mai, gaudint dels companys, companyes i docents, de les din\u00e0miques de grup que s&#8217;han fet, de les estones de pati,&#8230;i tot all\u00f2 que fa que el dia a&hellip;  <a href=\"https:\/\/agora.xtec.cat\/ceipfmacia-orrius\/portada\/primers-dies-a-lescola\/\" title=\"Read PRIMERS DIES A L&#8217;ESCOLA\">Llegeix m\u00e9s\u00bb<\/a><\/p>\n","protected":false},"author":1,"featured_media":3958,"comment_status":"open","ping_status":"closed","sticky":false,"template":"","format":"standard","meta":{"_bbp_topic_count":0,"_bbp_reply_count":0,"_bbp_total_topic_count":0,"_bbp_total_reply_count":0,"_bbp_voice_count":0,"_bbp_anonymous_reply_count":0,"_bbp_topic_count_hidden":0,"_bbp_reply_count_hidden":0,"_bbp_forum_subforum_count":0,"footnotes":""},"categories":[4],"tags":[],"class_list":["post-3957","post","type-post","status-publish","format-standard","has-post-thumbnail","hentry","category-portada"],"post_mailing_queue_ids":[],"_links":{"self":[{"href":"https:\/\/agora.xtec.cat\/ceipfmacia-orrius\/wp-json\/wp\/v2\/posts\/3957","targetHints":{"allow":["GET"]}}],"collection":[{"href":"https:\/\/agora.xtec.cat\/ceipfmacia-orrius\/wp-json\/wp\/v2\/posts"}],"about":[{"href":"https:\/\/agora.xtec.cat\/ceipfmacia-orrius\/wp-json\/wp\/v2\/types\/post"}],"author":[{"embeddable":true,"href":"https:\/\/agora.xtec.cat\/ceipfmacia-orrius\/wp-json\/wp\/v2\/users\/1"}],"replies":[{"embeddable":true,"href":"https:\/\/agora.xtec.cat\/ceipfmacia-orrius\/wp-json\/wp\/v2\/comments?post=3957"}],"version-history":[{"count":1,"href":"https:\/\/agora.xtec.cat\/ceipfmacia-orrius\/wp-json\/wp\/v2\/posts\/3957\/revisions"}],"predecessor-version":[{"id":3959,"href":"https:\/\/agora.xtec.cat\/ceipfmacia-orrius\/wp-json\/wp\/v2\/posts\/3957\/revisions\/3959"}],"wp:featuredmedia":[{"embeddable":true,"href":"https:\/\/agora.xtec.cat\/ceipfmacia-orrius\/wp-json\/wp\/v2\/media\/3958"}],"wp:attachment":[{"href":"https:\/\/agora.xtec.cat\/ceipfmacia-orrius\/wp-json\/wp\/v2\/media?parent=3957"}],"wp:term":[{"taxonomy":"category","embeddable":true,"href":"https:\/\/agora.xtec.cat\/ceipfmacia-orrius\/wp-json\/wp\/v2\/categories?post=3957"},{"taxonomy":"post_tag","embeddable":true,"href":"https:\/\/agora.xtec.cat\/ceipfmacia-orrius\/wp-json\/wp\/v2\/tags?post=3957"}],"curies":[{"name":"wp","href":"https:\/\/api.w.org\/{rel}","templated":true}]}}