{"id":3954,"date":"2024-09-04T14:54:21","date_gmt":"2024-09-04T12:54:21","guid":{"rendered":"https:\/\/agora.xtec.cat\/ceipfmacia-orrius\/?p=3954"},"modified":"2024-09-04T14:55:18","modified_gmt":"2024-09-04T12:55:18","slug":"benvinguts-i-benvingudes-al-nou-curs-escolar-24-25","status":"publish","type":"post","link":"https:\/\/agora.xtec.cat\/ceipfmacia-orrius\/portada\/benvinguts-i-benvingudes-al-nou-curs-escolar-24-25\/","title":{"rendered":"BENVINGUTS I BENVINGUDES AL NOU CURS ESCOLAR 24\/25"},"content":{"rendered":"<p>&nbsp;<\/p>\n<p style=\"text-align: left;\"><a href=\"https:\/\/drive.google.com\/file\/d\/1HrQh5AR0XGX9ISv6JmZSOaaxUKKthVSL\/view?usp=drive_link\"><img loading=\"lazy\" decoding=\"async\" class=\"wp-image-3955 alignleft\" src=\"https:\/\/agora.xtec.cat\/ceipfmacia-orrius\/wp-content\/uploads\/usu2067\/2024\/09\/Screenshot_20240904_142445_WhatsApp-171x300.jpg\" alt=\"\" width=\"197\" height=\"346\" srcset=\"https:\/\/agora.xtec.cat\/ceipfmacia-orrius\/wp-content\/uploads\/usu2067\/2024\/09\/Screenshot_20240904_142445_WhatsApp-171x300.jpg 171w, https:\/\/agora.xtec.cat\/ceipfmacia-orrius\/wp-content\/uploads\/usu2067\/2024\/09\/Screenshot_20240904_142445_WhatsApp-585x1024.jpg 585w, https:\/\/agora.xtec.cat\/ceipfmacia-orrius\/wp-content\/uploads\/usu2067\/2024\/09\/Screenshot_20240904_142445_WhatsApp-768x1344.jpg 768w, https:\/\/agora.xtec.cat\/ceipfmacia-orrius\/wp-content\/uploads\/usu2067\/2024\/09\/Screenshot_20240904_142445_WhatsApp-878x1536.jpg 878w, https:\/\/agora.xtec.cat\/ceipfmacia-orrius\/wp-content\/uploads\/usu2067\/2024\/09\/Screenshot_20240904_142445_WhatsApp.jpg 1080w\" sizes=\"auto, (max-width: 197px) 100vw, 197px\" \/><\/a>Benvolgudes fam\u00edlies, ja estem de tornada. Obrim l&#8217;escola de nou amb les piles ben carregades,<\/p>\n<p style=\"text-align: left;\">\u00e9s per aix\u00f2 que us convidem a veure el <a href=\"https:\/\/drive.google.com\/file\/d\/1HrQh5AR0XGX9ISv6JmZSOaaxUKKthVSL\/view?usp=drive_link\">v\u00eddeo de benvinguda<\/a> que us hem preparat per presentar<\/p>\n<p style=\"text-align: left;\">el claustre d&#8217;enguany. A m\u00e9s la caracteritzaci\u00f3 del v\u00eddeo us donar\u00e0 un pista de la tem\u00e0tica<\/p>\n<p style=\"text-align: left;\">d&#8217;aquest curs a l&#8217;escola.<\/p>\n","protected":false},"excerpt":{"rendered":"<p>&nbsp;<br \/>\n<a href=\"https:\/\/drive.google.com\/file\/d\/1HrQh5AR0XGX9ISv6JmZSOaaxUKKthVSL\/view?usp=drive_link\"><\/a>Benvolgudes fam\u00edlies, ja estem de tornada. Obrim l&#8217;escola de nou amb les piles ben carregades,<br \/>\n\u00e9s per aix\u00f2 que us convidem a veure el <a href=\"https:\/\/drive.google.com\/file\/d\/1HrQh5AR0XGX9ISv6JmZSOaaxUKKthVSL\/view?usp=drive_link\">v\u00eddeo de benvinguda<\/a> que us hem preparat per presentar<br \/>\nel claustre d&#8217;enguany. A m\u00e9s la caracteritzaci\u00f3 del v\u00eddeo us donar\u00e0 un&hellip;  <a href=\"https:\/\/agora.xtec.cat\/ceipfmacia-orrius\/portada\/benvinguts-i-benvingudes-al-nou-curs-escolar-24-25\/\" title=\"Read BENVINGUTS I BENVINGUDES AL NOU CURS ESCOLAR 24\/25\">Llegeix m\u00e9s\u00bb<\/a><\/p>\n","protected":false},"author":1,"featured_media":3955,"comment_status":"open","ping_status":"closed","sticky":false,"template":"","format":"standard","meta":{"_bbp_topic_count":0,"_bbp_reply_count":0,"_bbp_total_topic_count":0,"_bbp_total_reply_count":0,"_bbp_voice_count":0,"_bbp_anonymous_reply_count":0,"_bbp_topic_count_hidden":0,"_bbp_reply_count_hidden":0,"_bbp_forum_subforum_count":0,"footnotes":""},"categories":[4],"tags":[],"class_list":["post-3954","post","type-post","status-publish","format-standard","has-post-thumbnail","hentry","category-portada"],"post_mailing_queue_ids":[],"_links":{"self":[{"href":"https:\/\/agora.xtec.cat\/ceipfmacia-orrius\/wp-json\/wp\/v2\/posts\/3954","targetHints":{"allow":["GET"]}}],"collection":[{"href":"https:\/\/agora.xtec.cat\/ceipfmacia-orrius\/wp-json\/wp\/v2\/posts"}],"about":[{"href":"https:\/\/agora.xtec.cat\/ceipfmacia-orrius\/wp-json\/wp\/v2\/types\/post"}],"author":[{"embeddable":true,"href":"https:\/\/agora.xtec.cat\/ceipfmacia-orrius\/wp-json\/wp\/v2\/users\/1"}],"replies":[{"embeddable":true,"href":"https:\/\/agora.xtec.cat\/ceipfmacia-orrius\/wp-json\/wp\/v2\/comments?post=3954"}],"version-history":[{"count":1,"href":"https:\/\/agora.xtec.cat\/ceipfmacia-orrius\/wp-json\/wp\/v2\/posts\/3954\/revisions"}],"predecessor-version":[{"id":3956,"href":"https:\/\/agora.xtec.cat\/ceipfmacia-orrius\/wp-json\/wp\/v2\/posts\/3954\/revisions\/3956"}],"wp:featuredmedia":[{"embeddable":true,"href":"https:\/\/agora.xtec.cat\/ceipfmacia-orrius\/wp-json\/wp\/v2\/media\/3955"}],"wp:attachment":[{"href":"https:\/\/agora.xtec.cat\/ceipfmacia-orrius\/wp-json\/wp\/v2\/media?parent=3954"}],"wp:term":[{"taxonomy":"category","embeddable":true,"href":"https:\/\/agora.xtec.cat\/ceipfmacia-orrius\/wp-json\/wp\/v2\/categories?post=3954"},{"taxonomy":"post_tag","embeddable":true,"href":"https:\/\/agora.xtec.cat\/ceipfmacia-orrius\/wp-json\/wp\/v2\/tags?post=3954"}],"curies":[{"name":"wp","href":"https:\/\/api.w.org\/{rel}","templated":true}]}}