{"id":3925,"date":"2024-06-18T11:53:17","date_gmt":"2024-06-18T09:53:17","guid":{"rendered":"https:\/\/agora.xtec.cat\/ceipfmacia-orrius\/?p=3925"},"modified":"2024-10-08T13:21:33","modified_gmt":"2024-10-08T11:21:33","slug":"les-tardes-despais-a-infantil","status":"publish","type":"post","link":"https:\/\/agora.xtec.cat\/ceipfmacia-orrius\/infantil\/les-tardes-despais-a-infantil\/","title":{"rendered":"LES TARDES D&#8217;ESPAIS A INFANTIL"},"content":{"rendered":"<p>Al llarg de aquest curs 23\/24 els infants d&#8217;Infantil s&#8217;han iniciat en el projecte nou d&#8217;escola dels &#8220;Espais&#8221;. Aquest espais han estat destinats a desenvolupar capacitats\u00a0 com l&#8217;autonomia, la creativitat, la motivaci\u00f3, la curiositat, el treball en grup, l&#8217;experimentaci\u00f3, el coneixement d&#8217;un mateix&#8230; i un llarg etc\u00e8tera.\u00a0 Les propostes did\u00e0ctiques plantejades en els diferents espais relacionades amb l&#8217;art, el pensament l\u00f2gico-matem\u00e0tic, el joc simb\u00f2lc, la motricitat fina, la descoberta de l&#8217;entorn i l&#8217;experimentaci\u00f3 han ajudat a desenvolupar els\u00a0 \u00a0eixos que es treballen en aquesta etapa.<\/p>\n<p>Aqu\u00ed us dexem un<a href=\"https:\/\/drive.google.com\/drive\/folders\/1mJMOpsIk-LXUuKbfYyP6IxblcPeg7ePh?usp=sharing\"> recull d&#8217;imatges<\/a> dels Espais d&#8217;aquest curs.<\/p>\n","protected":false},"excerpt":{"rendered":"<p>Al llarg de aquest curs 23\/24 els infants d&#8217;Infantil s&#8217;han iniciat en el projecte nou d&#8217;escola dels &#8220;Espais&#8221;. Aquest espais han estat destinats a desenvolupar capacitats\u00a0 com l&#8217;autonomia, la creativitat, la motivaci\u00f3, la curiositat, el treball en grup, l&#8217;experimentaci\u00f3, el coneixement d&#8217;un mateix&#8230; i un&hellip;  <a href=\"https:\/\/agora.xtec.cat\/ceipfmacia-orrius\/infantil\/les-tardes-despais-a-infantil\/\" title=\"Read LES TARDES D&#8217;ESPAIS A INFANTIL\">Llegeix m\u00e9s\u00bb<\/a><\/p>\n","protected":false},"author":1,"featured_media":3926,"comment_status":"open","ping_status":"closed","sticky":false,"template":"","format":"standard","meta":{"_bbp_topic_count":0,"_bbp_reply_count":0,"_bbp_total_topic_count":0,"_bbp_total_reply_count":0,"_bbp_voice_count":0,"_bbp_anonymous_reply_count":0,"_bbp_topic_count_hidden":0,"_bbp_reply_count_hidden":0,"_bbp_forum_subforum_count":0,"footnotes":""},"categories":[2,3,8,4],"tags":[],"class_list":["post-3925","post","type-post","status-publish","format-standard","has-post-thumbnail","hentry","category-infantil","category-maons","category-aquatics-infantil","category-portada"],"post_mailing_queue_ids":[],"_links":{"self":[{"href":"https:\/\/agora.xtec.cat\/ceipfmacia-orrius\/wp-json\/wp\/v2\/posts\/3925","targetHints":{"allow":["GET"]}}],"collection":[{"href":"https:\/\/agora.xtec.cat\/ceipfmacia-orrius\/wp-json\/wp\/v2\/posts"}],"about":[{"href":"https:\/\/agora.xtec.cat\/ceipfmacia-orrius\/wp-json\/wp\/v2\/types\/post"}],"author":[{"embeddable":true,"href":"https:\/\/agora.xtec.cat\/ceipfmacia-orrius\/wp-json\/wp\/v2\/users\/1"}],"replies":[{"embeddable":true,"href":"https:\/\/agora.xtec.cat\/ceipfmacia-orrius\/wp-json\/wp\/v2\/comments?post=3925"}],"version-history":[{"count":1,"href":"https:\/\/agora.xtec.cat\/ceipfmacia-orrius\/wp-json\/wp\/v2\/posts\/3925\/revisions"}],"predecessor-version":[{"id":3927,"href":"https:\/\/agora.xtec.cat\/ceipfmacia-orrius\/wp-json\/wp\/v2\/posts\/3925\/revisions\/3927"}],"wp:featuredmedia":[{"embeddable":true,"href":"https:\/\/agora.xtec.cat\/ceipfmacia-orrius\/wp-json\/wp\/v2\/media\/3926"}],"wp:attachment":[{"href":"https:\/\/agora.xtec.cat\/ceipfmacia-orrius\/wp-json\/wp\/v2\/media?parent=3925"}],"wp:term":[{"taxonomy":"category","embeddable":true,"href":"https:\/\/agora.xtec.cat\/ceipfmacia-orrius\/wp-json\/wp\/v2\/categories?post=3925"},{"taxonomy":"post_tag","embeddable":true,"href":"https:\/\/agora.xtec.cat\/ceipfmacia-orrius\/wp-json\/wp\/v2\/tags?post=3925"}],"curies":[{"name":"wp","href":"https:\/\/api.w.org\/{rel}","templated":true}]}}