{"id":3921,"date":"2024-06-10T12:00:24","date_gmt":"2024-06-10T10:00:24","guid":{"rendered":"https:\/\/agora.xtec.cat\/ceipfmacia-orrius\/?p=3921"},"modified":"2024-06-12T12:59:30","modified_gmt":"2024-06-12T10:59:30","slug":"obra-de-teatre-de-cs-la-clau","status":"publish","type":"post","link":"https:\/\/agora.xtec.cat\/ceipfmacia-orrius\/general\/obra-de-teatre-de-cs-la-clau\/","title":{"rendered":"OBRA DE TEATRE DE CS &#8220;LA CLAU&#8221;"},"content":{"rendered":"<p>Els infants de cicle superior de l&#8217;escola, dins del projecte de teatre de la m\u00e0 amb l&#8217;Aula de Teatre de Matar\u00f3, gr\u00e0cies a una subvenci\u00f3 que ens va oferir l&#8217;Ajuntament, procedent de la Generalitat, han estat treballant entorn el teatre i us oferiran l&#8217;obra que han preparat, titulada &#8220;La clau&#8221;, el dijous 20 de juny a la Sala Polivalent d&#8217;\u00d2rrius. Hi haur\u00e0 dues funcions, una a les 17h i l&#8217;altra a les 18h. L&#8217;obra est\u00e0 relacionada amb els 40 anys d&#8217;escola que hem celebrat enguany.<\/p>\n<p>Us deixem <a href=\"https:\/\/forms.gle\/cEchDzbj1QPZhjHVA\">l&#8217;enlla\u00e7<\/a> on poder reservar les entrades i compartim amb vosaltres el cartell de l&#8217;obra, on tamb\u00e9 hi ha un codi QR per poder fer la reserva.<\/p>\n<p><a href=\"https:\/\/agora.xtec.cat\/ceipfmacia-orrius\/wp-content\/uploads\/usu2067\/2024\/06\/LA-CLAU.pdf\">\u201cLA CLAU\u201d<\/a><\/p>\n","protected":false},"excerpt":{"rendered":"<p>Els infants de cicle superior de l&#8217;escola, dins del projecte de teatre de la m\u00e0 amb l&#8217;Aula de Teatre de Matar\u00f3, gr\u00e0cies a una subvenci\u00f3 que ens va oferir l&#8217;Ajuntament, procedent de la Generalitat, han estat treballant entorn el teatre i us oferiran l&#8217;obra que&hellip;  <a href=\"https:\/\/agora.xtec.cat\/ceipfmacia-orrius\/general\/obra-de-teatre-de-cs-la-clau\/\" title=\"Read OBRA DE TEATRE DE CS &#8220;LA CLAU&#8221;\">Llegeix m\u00e9s\u00bb<\/a><\/p>\n","protected":false},"author":4,"featured_media":3923,"comment_status":"open","ping_status":"closed","sticky":false,"template":"","format":"standard","meta":{"_bbp_topic_count":0,"_bbp_reply_count":0,"_bbp_total_topic_count":0,"_bbp_total_reply_count":0,"_bbp_voice_count":0,"_bbp_anonymous_reply_count":0,"_bbp_topic_count_hidden":0,"_bbp_reply_count_hidden":0,"_bbp_forum_subforum_count":0,"footnotes":""},"categories":[1,4],"tags":[],"class_list":["post-3921","post","type-post","status-publish","format-standard","has-post-thumbnail","hentry","category-general","category-portada"],"post_mailing_queue_ids":[],"_links":{"self":[{"href":"https:\/\/agora.xtec.cat\/ceipfmacia-orrius\/wp-json\/wp\/v2\/posts\/3921","targetHints":{"allow":["GET"]}}],"collection":[{"href":"https:\/\/agora.xtec.cat\/ceipfmacia-orrius\/wp-json\/wp\/v2\/posts"}],"about":[{"href":"https:\/\/agora.xtec.cat\/ceipfmacia-orrius\/wp-json\/wp\/v2\/types\/post"}],"author":[{"embeddable":true,"href":"https:\/\/agora.xtec.cat\/ceipfmacia-orrius\/wp-json\/wp\/v2\/users\/4"}],"replies":[{"embeddable":true,"href":"https:\/\/agora.xtec.cat\/ceipfmacia-orrius\/wp-json\/wp\/v2\/comments?post=3921"}],"version-history":[{"count":1,"href":"https:\/\/agora.xtec.cat\/ceipfmacia-orrius\/wp-json\/wp\/v2\/posts\/3921\/revisions"}],"predecessor-version":[{"id":3924,"href":"https:\/\/agora.xtec.cat\/ceipfmacia-orrius\/wp-json\/wp\/v2\/posts\/3921\/revisions\/3924"}],"wp:featuredmedia":[{"embeddable":true,"href":"https:\/\/agora.xtec.cat\/ceipfmacia-orrius\/wp-json\/wp\/v2\/media\/3923"}],"wp:attachment":[{"href":"https:\/\/agora.xtec.cat\/ceipfmacia-orrius\/wp-json\/wp\/v2\/media?parent=3921"}],"wp:term":[{"taxonomy":"category","embeddable":true,"href":"https:\/\/agora.xtec.cat\/ceipfmacia-orrius\/wp-json\/wp\/v2\/categories?post=3921"},{"taxonomy":"post_tag","embeddable":true,"href":"https:\/\/agora.xtec.cat\/ceipfmacia-orrius\/wp-json\/wp\/v2\/tags?post=3921"}],"curies":[{"name":"wp","href":"https:\/\/api.w.org\/{rel}","templated":true}]}}