{"id":3905,"date":"2024-06-02T20:25:47","date_gmt":"2024-06-02T18:25:47","guid":{"rendered":"https:\/\/agora.xtec.cat\/ceipfmacia-orrius\/?p=3905"},"modified":"2024-06-20T11:42:56","modified_gmt":"2024-06-20T09:42:56","slug":"papallona-que-revoles","status":"publish","type":"post","link":"https:\/\/agora.xtec.cat\/ceipfmacia-orrius\/general\/papallona-que-revoles\/","title":{"rendered":"PAPALLONA QUE REVOLES"},"content":{"rendered":"<p><strong>PAPALLONA<\/strong><\/p>\n<p>PAPALLONA QUE REVOLES<br \/>\nPER LES BRANQUES DEL ROSER,<br \/>\nETS EL P\u00c8TAL D&#8217;UNA ROSA<br \/>\nO UNA OCELLA DE PAPER?<\/p>\n<p>Durant el projecte que estem fent sobre els animalons (insectes&#8230;), hem estrenat en tot el m\u00f3n mundial, una can\u00e7\u00f3 amb una nova melodia i amb lletra de &#8220;Miquel Desclot&#8221;.<\/p>\n<p>&nbsp;<\/p>\n<p>GRAVACI\u00d3 DIABLES I DIABLESSES<\/p>\n<p>https:\/\/drive.google.com\/file\/d\/1d9IF9GZ0gkPopMJBh2DrQDV1HxG-fsxL\/view?usp=sharing<\/p>\n<p>GRAVACI\u00d3 DRAGONES i DRAGONS<\/p>\n<p>https:\/\/drive.google.com\/file\/d\/1CWH6-x19glPrMhYdVmHJo5tflRnCkeB3\/view?usp=sharing<\/p>\n<p>GRAVACI\u00d3 AMB LES DUES CLASSES JUNTES!!!<\/p>\n<p>https:\/\/drive.google.com\/file\/d\/19FVG_7OF9yTxzutDIl-5nNuIoJ1Av3Gg\/view?usp=sharing<\/p>\n","protected":false},"excerpt":{"rendered":"<p>PAPALLONA<br \/>\nPAPALLONA QUE REVOLES<br \/>\nPER LES BRANQUES DEL ROSER,<br \/>\nETS EL P\u00c8TAL D&#8217;UNA ROSA<br \/>\nO UNA OCELLA DE PAPER?<br \/>\nDurant el projecte que estem fent sobre els animalons (insectes&#8230;), hem estrenat en tot el m\u00f3n mundial, una can\u00e7\u00f3 amb una nova melodia i amb lletra de &#8220;Miquel Desclot&#8221;.<br \/>\n&nbsp;<br \/>\nGRAVACI\u00d3 DIABLES I&hellip;  <a href=\"https:\/\/agora.xtec.cat\/ceipfmacia-orrius\/general\/papallona-que-revoles\/\" title=\"Read PAPALLONA QUE REVOLES\">Llegeix m\u00e9s\u00bb<\/a><\/p>\n","protected":false},"author":13,"featured_media":0,"comment_status":"open","ping_status":"closed","sticky":false,"template":"","format":"standard","meta":{"_bbp_topic_count":0,"_bbp_reply_count":0,"_bbp_total_topic_count":0,"_bbp_total_reply_count":0,"_bbp_voice_count":0,"_bbp_anonymous_reply_count":0,"_bbp_topic_count_hidden":0,"_bbp_reply_count_hidden":0,"_bbp_forum_subforum_count":0,"footnotes":""},"categories":[1,2,70],"tags":[],"class_list":["post-3905","post","type-post","status-publish","format-standard","hentry","category-general","category-infantil","category-musica"],"post_mailing_queue_ids":[],"_links":{"self":[{"href":"https:\/\/agora.xtec.cat\/ceipfmacia-orrius\/wp-json\/wp\/v2\/posts\/3905","targetHints":{"allow":["GET"]}}],"collection":[{"href":"https:\/\/agora.xtec.cat\/ceipfmacia-orrius\/wp-json\/wp\/v2\/posts"}],"about":[{"href":"https:\/\/agora.xtec.cat\/ceipfmacia-orrius\/wp-json\/wp\/v2\/types\/post"}],"author":[{"embeddable":true,"href":"https:\/\/agora.xtec.cat\/ceipfmacia-orrius\/wp-json\/wp\/v2\/users\/13"}],"replies":[{"embeddable":true,"href":"https:\/\/agora.xtec.cat\/ceipfmacia-orrius\/wp-json\/wp\/v2\/comments?post=3905"}],"version-history":[{"count":5,"href":"https:\/\/agora.xtec.cat\/ceipfmacia-orrius\/wp-json\/wp\/v2\/posts\/3905\/revisions"}],"predecessor-version":[{"id":3932,"href":"https:\/\/agora.xtec.cat\/ceipfmacia-orrius\/wp-json\/wp\/v2\/posts\/3905\/revisions\/3932"}],"wp:attachment":[{"href":"https:\/\/agora.xtec.cat\/ceipfmacia-orrius\/wp-json\/wp\/v2\/media?parent=3905"}],"wp:term":[{"taxonomy":"category","embeddable":true,"href":"https:\/\/agora.xtec.cat\/ceipfmacia-orrius\/wp-json\/wp\/v2\/categories?post=3905"},{"taxonomy":"post_tag","embeddable":true,"href":"https:\/\/agora.xtec.cat\/ceipfmacia-orrius\/wp-json\/wp\/v2\/tags?post=3905"}],"curies":[{"name":"wp","href":"https:\/\/api.w.org\/{rel}","templated":true}]}}