{"id":3902,"date":"2024-06-10T19:30:07","date_gmt":"2024-06-10T17:30:07","guid":{"rendered":"https:\/\/agora.xtec.cat\/ceipfmacia-orrius\/?p=3902"},"modified":"2024-06-02T19:41:39","modified_gmt":"2024-06-02T17:41:39","slug":"el-cicle-de-la-papallona-projecte-animalons","status":"publish","type":"post","link":"https:\/\/agora.xtec.cat\/ceipfmacia-orrius\/infantil\/el-cicle-de-la-papallona-projecte-animalons\/","title":{"rendered":"El cicle de la Papallona (projecte animalons)"},"content":{"rendered":"<p>Ampliant el projecte &#8220;animalons&#8221; i despr\u00e9s d&#8217;haver observat els &#8220;cucs de seda&#8221; de l&#8217;aula i un video del cicle de la papallona, hi hem posat moviment mentre f\u00e8iem l&#8217;audici\u00f3 de la m\u00fasica &#8220;Remember not to Forget- Audionmach&#8221;.<\/p>\n<p>Diables i diablesses:<\/p>\n<p><iframe loading=\"lazy\" title=\"Cicle de la papallona (Diables\/esses)\" width=\"500\" height=\"281\" src=\"https:\/\/www.youtube.com\/embed\/JlOmmBosZCI?feature=oembed\" frameborder=\"0\" allow=\"accelerometer; autoplay; clipboard-write; encrypted-media; gyroscope; picture-in-picture; web-share\" referrerpolicy=\"strict-origin-when-cross-origin\" allowfullscreen><\/iframe><\/p>\n<p>Dracs i dragones:<\/p>\n<p><iframe loading=\"lazy\" title=\"Cicle papallona  Dracs i dgones\" width=\"500\" height=\"281\" src=\"https:\/\/www.youtube.com\/embed\/r1XhtlYVZW0?feature=oembed\" frameborder=\"0\" allow=\"accelerometer; autoplay; clipboard-write; encrypted-media; gyroscope; picture-in-picture; web-share\" referrerpolicy=\"strict-origin-when-cross-origin\" allowfullscreen><\/iframe><\/p>\n","protected":false},"excerpt":{"rendered":"<p>Ampliant el projecte &#8220;animalons&#8221; i despr\u00e9s d&#8217;haver observat els &#8220;cucs de seda&#8221; de l&#8217;aula i un video del cicle de la papallona, hi hem posat moviment mentre f\u00e8iem l&#8217;audici\u00f3 de la m\u00fasica &#8220;Remember not to Forget- Audionmach&#8221;.<br \/>\nDiables i diablesses:<\/p>\n<p>Dracs i dragones:<\/p>\n","protected":false},"author":13,"featured_media":0,"comment_status":"open","ping_status":"closed","sticky":false,"template":"","format":"standard","meta":{"_bbp_topic_count":0,"_bbp_reply_count":0,"_bbp_total_topic_count":0,"_bbp_total_reply_count":0,"_bbp_voice_count":0,"_bbp_anonymous_reply_count":0,"_bbp_topic_count_hidden":0,"_bbp_reply_count_hidden":0,"_bbp_forum_subforum_count":0,"footnotes":""},"categories":[2,70],"tags":[],"class_list":["post-3902","post","type-post","status-publish","format-standard","hentry","category-infantil","category-musica"],"post_mailing_queue_ids":[],"_links":{"self":[{"href":"https:\/\/agora.xtec.cat\/ceipfmacia-orrius\/wp-json\/wp\/v2\/posts\/3902","targetHints":{"allow":["GET"]}}],"collection":[{"href":"https:\/\/agora.xtec.cat\/ceipfmacia-orrius\/wp-json\/wp\/v2\/posts"}],"about":[{"href":"https:\/\/agora.xtec.cat\/ceipfmacia-orrius\/wp-json\/wp\/v2\/types\/post"}],"author":[{"embeddable":true,"href":"https:\/\/agora.xtec.cat\/ceipfmacia-orrius\/wp-json\/wp\/v2\/users\/13"}],"replies":[{"embeddable":true,"href":"https:\/\/agora.xtec.cat\/ceipfmacia-orrius\/wp-json\/wp\/v2\/comments?post=3902"}],"version-history":[{"count":2,"href":"https:\/\/agora.xtec.cat\/ceipfmacia-orrius\/wp-json\/wp\/v2\/posts\/3902\/revisions"}],"predecessor-version":[{"id":3904,"href":"https:\/\/agora.xtec.cat\/ceipfmacia-orrius\/wp-json\/wp\/v2\/posts\/3902\/revisions\/3904"}],"wp:attachment":[{"href":"https:\/\/agora.xtec.cat\/ceipfmacia-orrius\/wp-json\/wp\/v2\/media?parent=3902"}],"wp:term":[{"taxonomy":"category","embeddable":true,"href":"https:\/\/agora.xtec.cat\/ceipfmacia-orrius\/wp-json\/wp\/v2\/categories?post=3902"},{"taxonomy":"post_tag","embeddable":true,"href":"https:\/\/agora.xtec.cat\/ceipfmacia-orrius\/wp-json\/wp\/v2\/tags?post=3902"}],"curies":[{"name":"wp","href":"https:\/\/api.w.org\/{rel}","templated":true}]}}