{"id":3893,"date":"2024-05-31T12:33:55","date_gmt":"2024-05-31T10:33:55","guid":{"rendered":"https:\/\/agora.xtec.cat\/ceipfmacia-orrius\/?p=3893"},"modified":"2024-05-31T12:33:55","modified_gmt":"2024-05-31T10:33:55","slug":"jardi-botanic-cs","status":"publish","type":"post","link":"https:\/\/agora.xtec.cat\/ceipfmacia-orrius\/general\/jardi-botanic-cs\/","title":{"rendered":"JARD\u00cd BOT\u00c0NIC CS"},"content":{"rendered":"<p>La darrera setmana de maig, l\u2019alumnat de Cicle Superior ha gaudit d\u2019un mat\u00ed molt especial visitant el jard\u00ed bot\u00e0nic d\u2019\u00d2rrius, a casa de la Margarida i l\u2019Andreu.<\/p>\n<p>Ens han explicat moltes aventures i ens han ensenyat la quantitat d\u2019insectes i bestioles que han trobat al seu jard\u00ed al llarg dels anys.<\/p>\n<p>Aqu\u00ed us deixem <a href=\"https:\/\/drive.google.com\/drive\/folders\/1-YGT0VhYFJN_7cPizz4xiOYWr6hkJsYz\">l\u2019enlla\u00e7<\/a> amb imatges de la sortida.<\/p>\n<p>Volem donar les gr\u00e0cies a l\u2019Andreu i a la Margarida per fer-ho possible!<\/p>\n","protected":false},"excerpt":{"rendered":"<p>La darrera setmana de maig, l\u2019alumnat de Cicle Superior ha gaudit d\u2019un mat\u00ed molt especial visitant el jard\u00ed bot\u00e0nic d\u2019\u00d2rrius, a casa de la Margarida i l\u2019Andreu.<br \/>\nEns han explicat moltes aventures i ens han ensenyat la quantitat d\u2019insectes i bestioles que han trobat al seu&hellip;  <a href=\"https:\/\/agora.xtec.cat\/ceipfmacia-orrius\/general\/jardi-botanic-cs\/\" title=\"Read JARD\u00cd BOT\u00c0NIC CS\">Llegeix m\u00e9s\u00bb<\/a><\/p>\n","protected":false},"author":1,"featured_media":3897,"comment_status":"open","ping_status":"closed","sticky":false,"template":"","format":"standard","meta":{"_bbp_topic_count":0,"_bbp_reply_count":0,"_bbp_total_topic_count":0,"_bbp_total_reply_count":0,"_bbp_voice_count":0,"_bbp_anonymous_reply_count":0,"_bbp_topic_count_hidden":0,"_bbp_reply_count_hidden":0,"_bbp_forum_subforum_count":0,"footnotes":""},"categories":[1,4],"tags":[],"class_list":["post-3893","post","type-post","status-publish","format-standard","has-post-thumbnail","hentry","category-general","category-portada"],"post_mailing_queue_ids":[],"_links":{"self":[{"href":"https:\/\/agora.xtec.cat\/ceipfmacia-orrius\/wp-json\/wp\/v2\/posts\/3893","targetHints":{"allow":["GET"]}}],"collection":[{"href":"https:\/\/agora.xtec.cat\/ceipfmacia-orrius\/wp-json\/wp\/v2\/posts"}],"about":[{"href":"https:\/\/agora.xtec.cat\/ceipfmacia-orrius\/wp-json\/wp\/v2\/types\/post"}],"author":[{"embeddable":true,"href":"https:\/\/agora.xtec.cat\/ceipfmacia-orrius\/wp-json\/wp\/v2\/users\/1"}],"replies":[{"embeddable":true,"href":"https:\/\/agora.xtec.cat\/ceipfmacia-orrius\/wp-json\/wp\/v2\/comments?post=3893"}],"version-history":[{"count":3,"href":"https:\/\/agora.xtec.cat\/ceipfmacia-orrius\/wp-json\/wp\/v2\/posts\/3893\/revisions"}],"predecessor-version":[{"id":3896,"href":"https:\/\/agora.xtec.cat\/ceipfmacia-orrius\/wp-json\/wp\/v2\/posts\/3893\/revisions\/3896"}],"wp:featuredmedia":[{"embeddable":true,"href":"https:\/\/agora.xtec.cat\/ceipfmacia-orrius\/wp-json\/wp\/v2\/media\/3897"}],"wp:attachment":[{"href":"https:\/\/agora.xtec.cat\/ceipfmacia-orrius\/wp-json\/wp\/v2\/media?parent=3893"}],"wp:term":[{"taxonomy":"category","embeddable":true,"href":"https:\/\/agora.xtec.cat\/ceipfmacia-orrius\/wp-json\/wp\/v2\/categories?post=3893"},{"taxonomy":"post_tag","embeddable":true,"href":"https:\/\/agora.xtec.cat\/ceipfmacia-orrius\/wp-json\/wp\/v2\/tags?post=3893"}],"curies":[{"name":"wp","href":"https:\/\/api.w.org\/{rel}","templated":true}]}}