{"id":3883,"date":"2024-05-16T09:08:27","date_gmt":"2024-05-16T07:08:27","guid":{"rendered":"https:\/\/agora.xtec.cat\/ceipfmacia-orrius\/?p=3883"},"modified":"2024-05-16T09:08:27","modified_gmt":"2024-05-16T07:08:27","slug":"ci-apren-a-reciclar","status":"publish","type":"post","link":"https:\/\/agora.xtec.cat\/ceipfmacia-orrius\/portada\/ci-apren-a-reciclar\/","title":{"rendered":"CI APR\u00c8N A RECICLAR"},"content":{"rendered":"<p>La classe dels castellers vam visitar, el passat dia 10 de maig, el Centre Integral de Valoritzaci\u00f3 dels Residus del Maresme, que \u00e9s el lloc on va a parar tot all\u00f2 que llencem al contenidor gris!! Ens hem adonat que encara no fem del tot b\u00e9 aix\u00f2 de reciclar&#8230; Aix\u00ed que us animem a que tothom apliqui les tres R&#8217;s (REDUIR, REUTILITZAR I RECICLAR)\u00a0<img decoding=\"async\" class=\"an1\" draggable=\"false\" src=\"https:\/\/fonts.gstatic.com\/s\/e\/notoemoji\/15.0\/267b_fe0f\/72.png\" alt=\"\u267b\ufe0f\" data-emoji=\"\u267b\ufe0f\" aria-label=\"\u267b\ufe0f\" \/>\u00a0i que feu una visita al centre!<\/p>\n<p><a href=\"https:\/\/drive.google.com\/drive\/folders\/1HudOXoTSaks_3nOlHwdHLj0br1z4JD_1?usp=sharing\">Aqu\u00ed<\/a> teniu un recull de les imatges<\/p>\n","protected":false},"excerpt":{"rendered":"<p>La classe dels castellers vam visitar, el passat dia 10 de maig, el Centre Integral de Valoritzaci\u00f3 dels Residus del Maresme, que \u00e9s el lloc on va a parar tot all\u00f2 que llencem al contenidor gris!! Ens hem adonat que encara no fem del tot&hellip;  <a href=\"https:\/\/agora.xtec.cat\/ceipfmacia-orrius\/portada\/ci-apren-a-reciclar\/\" title=\"Read CI APR\u00c8N A RECICLAR\">Llegeix m\u00e9s\u00bb<\/a><\/p>\n","protected":false},"author":1,"featured_media":3884,"comment_status":"open","ping_status":"closed","sticky":false,"template":"","format":"standard","meta":{"_bbp_topic_count":0,"_bbp_reply_count":0,"_bbp_total_topic_count":0,"_bbp_total_reply_count":0,"_bbp_voice_count":0,"_bbp_anonymous_reply_count":0,"_bbp_topic_count_hidden":0,"_bbp_reply_count_hidden":0,"_bbp_forum_subforum_count":0,"footnotes":""},"categories":[10,4],"tags":[],"class_list":["post-3883","post","type-post","status-publish","format-standard","has-post-thumbnail","hentry","category-anelles-olimpiques","category-portada"],"post_mailing_queue_ids":[],"_links":{"self":[{"href":"https:\/\/agora.xtec.cat\/ceipfmacia-orrius\/wp-json\/wp\/v2\/posts\/3883","targetHints":{"allow":["GET"]}}],"collection":[{"href":"https:\/\/agora.xtec.cat\/ceipfmacia-orrius\/wp-json\/wp\/v2\/posts"}],"about":[{"href":"https:\/\/agora.xtec.cat\/ceipfmacia-orrius\/wp-json\/wp\/v2\/types\/post"}],"author":[{"embeddable":true,"href":"https:\/\/agora.xtec.cat\/ceipfmacia-orrius\/wp-json\/wp\/v2\/users\/1"}],"replies":[{"embeddable":true,"href":"https:\/\/agora.xtec.cat\/ceipfmacia-orrius\/wp-json\/wp\/v2\/comments?post=3883"}],"version-history":[{"count":1,"href":"https:\/\/agora.xtec.cat\/ceipfmacia-orrius\/wp-json\/wp\/v2\/posts\/3883\/revisions"}],"predecessor-version":[{"id":3885,"href":"https:\/\/agora.xtec.cat\/ceipfmacia-orrius\/wp-json\/wp\/v2\/posts\/3883\/revisions\/3885"}],"wp:featuredmedia":[{"embeddable":true,"href":"https:\/\/agora.xtec.cat\/ceipfmacia-orrius\/wp-json\/wp\/v2\/media\/3884"}],"wp:attachment":[{"href":"https:\/\/agora.xtec.cat\/ceipfmacia-orrius\/wp-json\/wp\/v2\/media?parent=3883"}],"wp:term":[{"taxonomy":"category","embeddable":true,"href":"https:\/\/agora.xtec.cat\/ceipfmacia-orrius\/wp-json\/wp\/v2\/categories?post=3883"},{"taxonomy":"post_tag","embeddable":true,"href":"https:\/\/agora.xtec.cat\/ceipfmacia-orrius\/wp-json\/wp\/v2\/tags?post=3883"}],"curies":[{"name":"wp","href":"https:\/\/api.w.org\/{rel}","templated":true}]}}