{"id":3865,"date":"2024-05-10T14:48:49","date_gmt":"2024-05-10T12:48:49","guid":{"rendered":"https:\/\/agora.xtec.cat\/ceipfmacia-orrius\/?p=3865"},"modified":"2024-05-10T14:49:31","modified_gmt":"2024-05-10T12:49:31","slug":"sortida-de-cs-al-montnegre","status":"publish","type":"post","link":"https:\/\/agora.xtec.cat\/ceipfmacia-orrius\/general\/sortida-de-cs-al-montnegre\/","title":{"rendered":"SORTIDA DE  CS AL MONTNEGRE"},"content":{"rendered":"<p>El passat 8 de Maig, l\u2019alumnat de Cicle Superior va fer una sortida a <span style=\"font-family: inherit; font-size: 1em;\">trav\u00e9s del programa <\/span><em style=\"font-family: inherit; font-size: 1em;\">Coneguem els nostres parcs, <\/em>on hem<span style=\"font-family: inherit; font-size: 1em;\">\u00a0pogut visitar el Parc Natural del Montnegre i el Corredor.<\/span><\/p>\n<p>L\u2019objectiu principal del programa \u00e9s donar a con\u00e8ixer la tasca de conservaci\u00f3 i difusi\u00f3 dels espais naturals protegits que realitza l\u2019administraci\u00f3 p\u00fablica, amb la finalitat de conscienciar-los de la import\u00e0ncia d\u2019assumir compromisos socials responsables respecte al medi natural que els envolta.<\/p>\n<p>Hem pogut con\u00e8ixer el nostre medi natural m\u00e9s proper i hem treballat la sensibilitzaci\u00f3 envers el patrimoni natural i cultural, fent una passejada pel bosc on van observar, tocar, escoltar i olorar all\u00f2 que la natura ens regala.<\/p>\n<p>Aqu\u00ed us deixem <a href=\"https:\/\/drive.google.com\/drive\/folders\/1-R5-BD12mwk06RVVUIVKOG92OdXJXlZW\">l\u2019enlla\u00e7<\/a> amb imatges de la sortida.<\/p>\n","protected":false},"excerpt":{"rendered":"<p>El passat 8 de Maig, l\u2019alumnat de Cicle Superior va fer una sortida a trav\u00e9s del programa Coneguem els nostres parcs, on hem\u00a0pogut visitar el Parc Natural del Montnegre i el Corredor.<br \/>\nL\u2019objectiu principal del programa \u00e9s donar a con\u00e8ixer la tasca de conservaci\u00f3 i difusi\u00f3&hellip;  <a href=\"https:\/\/agora.xtec.cat\/ceipfmacia-orrius\/general\/sortida-de-cs-al-montnegre\/\" title=\"Read SORTIDA DE  CS AL MONTNEGRE\">Llegeix m\u00e9s\u00bb<\/a><\/p>\n","protected":false},"author":1,"featured_media":3870,"comment_status":"open","ping_status":"closed","sticky":false,"template":"","format":"standard","meta":{"_bbp_topic_count":0,"_bbp_reply_count":0,"_bbp_total_topic_count":0,"_bbp_total_reply_count":0,"_bbp_voice_count":0,"_bbp_anonymous_reply_count":0,"_bbp_topic_count_hidden":0,"_bbp_reply_count_hidden":0,"_bbp_forum_subforum_count":0,"footnotes":""},"categories":[169,1,4],"tags":[],"class_list":["post-3865","post","type-post","status-publish","format-standard","has-post-thumbnail","hentry","category-porrons","category-general","category-portada"],"post_mailing_queue_ids":[],"_links":{"self":[{"href":"https:\/\/agora.xtec.cat\/ceipfmacia-orrius\/wp-json\/wp\/v2\/posts\/3865","targetHints":{"allow":["GET"]}}],"collection":[{"href":"https:\/\/agora.xtec.cat\/ceipfmacia-orrius\/wp-json\/wp\/v2\/posts"}],"about":[{"href":"https:\/\/agora.xtec.cat\/ceipfmacia-orrius\/wp-json\/wp\/v2\/types\/post"}],"author":[{"embeddable":true,"href":"https:\/\/agora.xtec.cat\/ceipfmacia-orrius\/wp-json\/wp\/v2\/users\/1"}],"replies":[{"embeddable":true,"href":"https:\/\/agora.xtec.cat\/ceipfmacia-orrius\/wp-json\/wp\/v2\/comments?post=3865"}],"version-history":[{"count":4,"href":"https:\/\/agora.xtec.cat\/ceipfmacia-orrius\/wp-json\/wp\/v2\/posts\/3865\/revisions"}],"predecessor-version":[{"id":3872,"href":"https:\/\/agora.xtec.cat\/ceipfmacia-orrius\/wp-json\/wp\/v2\/posts\/3865\/revisions\/3872"}],"wp:featuredmedia":[{"embeddable":true,"href":"https:\/\/agora.xtec.cat\/ceipfmacia-orrius\/wp-json\/wp\/v2\/media\/3870"}],"wp:attachment":[{"href":"https:\/\/agora.xtec.cat\/ceipfmacia-orrius\/wp-json\/wp\/v2\/media?parent=3865"}],"wp:term":[{"taxonomy":"category","embeddable":true,"href":"https:\/\/agora.xtec.cat\/ceipfmacia-orrius\/wp-json\/wp\/v2\/categories?post=3865"},{"taxonomy":"post_tag","embeddable":true,"href":"https:\/\/agora.xtec.cat\/ceipfmacia-orrius\/wp-json\/wp\/v2\/tags?post=3865"}],"curies":[{"name":"wp","href":"https:\/\/api.w.org\/{rel}","templated":true}]}}