{"id":3859,"date":"2024-05-06T09:42:10","date_gmt":"2024-05-06T07:42:10","guid":{"rendered":"https:\/\/agora.xtec.cat\/ceipfmacia-orrius\/?p=3859"},"modified":"2024-05-06T09:56:58","modified_gmt":"2024-05-06T07:56:58","slug":"sortida-cm-i-cs-a-la-fundacio-palau-i-fabre","status":"publish","type":"post","link":"https:\/\/agora.xtec.cat\/ceipfmacia-orrius\/portada\/sortida-cm-i-cs-a-la-fundacio-palau-i-fabre\/","title":{"rendered":"SORTIDA CM I CS A LA FUNDACI\u00d3 PALAU I FABRE"},"content":{"rendered":"<p><span style=\"font-size: large;\">El dimecres 10 d&#8217;abril, els infants de CM i CS van fer la sortida relacionada amb el m\u00f3n art\u00edstic, a la fundaci\u00f3 Palau i Fabre, de Caldetes.<\/span><span style=\"font-size: large;\">En arribar, el primer que vam fer va ser una visita pel museu, concretament vam poder passejar per la segona planta, on vam descobrir la relaci\u00f3 que la fam\u00edlia Fabre havia tingut amb Picasso, la col\u00b7lecci\u00f3 Picassiana que conserven i ens vam endinsar en l&#8217;art de transformar objectes, que tenia Picasso.<\/span><span style=\"font-size: large;\">Tot seguit, ja preparats i amb idees en ment, vam baixar al taller on ens esperaven unes culleres i forquilles, amb fang blanc, per ser transformades en altres objectes.<\/span><span style=\"font-size: large;\">Ens ho vam passar molt b\u00e9, van sortir exemples ben diversos i ens vam sentir orgullosos\u00a0de les nostres creacions.<\/span><\/p>\n<div><span style=\"font-size: large;\">Us convidem a veure&#8217;n les fotografies.<a href=\"https:\/\/drive.google.com\/drive\/folders\/14cCFtAMOtOuXjSha_gAOJ_Kq2_-ARPJa?usp=sharing\"> Enlla\u00e7<\/a><\/span><\/div>\n","protected":false},"excerpt":{"rendered":"<p>El dimecres 10 d&#8217;abril, els infants de CM i CS van fer la sortida relacionada amb el m\u00f3n art\u00edstic, a la fundaci\u00f3 Palau i Fabre, de Caldetes.En arribar, el primer que vam fer va ser una visita pel museu, concretament vam poder passejar per la&hellip;  <a href=\"https:\/\/agora.xtec.cat\/ceipfmacia-orrius\/portada\/sortida-cm-i-cs-a-la-fundacio-palau-i-fabre\/\" title=\"Read SORTIDA CM I CS A LA FUNDACI\u00d3 PALAU I FABRE\">Llegeix m\u00e9s\u00bb<\/a><\/p>\n","protected":false},"author":1,"featured_media":3860,"comment_status":"open","ping_status":"closed","sticky":false,"template":"","format":"standard","meta":{"_bbp_topic_count":0,"_bbp_reply_count":0,"_bbp_total_topic_count":0,"_bbp_total_reply_count":0,"_bbp_voice_count":0,"_bbp_anonymous_reply_count":0,"_bbp_topic_count_hidden":0,"_bbp_reply_count_hidden":0,"_bbp_forum_subforum_count":0,"footnotes":""},"categories":[4],"tags":[],"class_list":["post-3859","post","type-post","status-publish","format-standard","has-post-thumbnail","hentry","category-portada"],"post_mailing_queue_ids":[],"_links":{"self":[{"href":"https:\/\/agora.xtec.cat\/ceipfmacia-orrius\/wp-json\/wp\/v2\/posts\/3859","targetHints":{"allow":["GET"]}}],"collection":[{"href":"https:\/\/agora.xtec.cat\/ceipfmacia-orrius\/wp-json\/wp\/v2\/posts"}],"about":[{"href":"https:\/\/agora.xtec.cat\/ceipfmacia-orrius\/wp-json\/wp\/v2\/types\/post"}],"author":[{"embeddable":true,"href":"https:\/\/agora.xtec.cat\/ceipfmacia-orrius\/wp-json\/wp\/v2\/users\/1"}],"replies":[{"embeddable":true,"href":"https:\/\/agora.xtec.cat\/ceipfmacia-orrius\/wp-json\/wp\/v2\/comments?post=3859"}],"version-history":[{"count":1,"href":"https:\/\/agora.xtec.cat\/ceipfmacia-orrius\/wp-json\/wp\/v2\/posts\/3859\/revisions"}],"predecessor-version":[{"id":3861,"href":"https:\/\/agora.xtec.cat\/ceipfmacia-orrius\/wp-json\/wp\/v2\/posts\/3859\/revisions\/3861"}],"wp:featuredmedia":[{"embeddable":true,"href":"https:\/\/agora.xtec.cat\/ceipfmacia-orrius\/wp-json\/wp\/v2\/media\/3860"}],"wp:attachment":[{"href":"https:\/\/agora.xtec.cat\/ceipfmacia-orrius\/wp-json\/wp\/v2\/media?parent=3859"}],"wp:term":[{"taxonomy":"category","embeddable":true,"href":"https:\/\/agora.xtec.cat\/ceipfmacia-orrius\/wp-json\/wp\/v2\/categories?post=3859"},{"taxonomy":"post_tag","embeddable":true,"href":"https:\/\/agora.xtec.cat\/ceipfmacia-orrius\/wp-json\/wp\/v2\/tags?post=3859"}],"curies":[{"name":"wp","href":"https:\/\/api.w.org\/{rel}","templated":true}]}}