{"id":3735,"date":"2024-04-02T13:35:47","date_gmt":"2024-04-02T11:35:47","guid":{"rendered":"https:\/\/agora.xtec.cat\/ceipfmacia-orrius\/?p=3735"},"modified":"2024-04-02T13:37:00","modified_gmt":"2024-04-02T11:37:00","slug":"1a-edicio-revista-digital-cm","status":"publish","type":"post","link":"https:\/\/agora.xtec.cat\/ceipfmacia-orrius\/general\/1a-edicio-revista-digital-cm\/","title":{"rendered":"1a EDICI\u00d3 REVISTA DIGITAL CM"},"content":{"rendered":"<p>\u00c9s un plaer comunicar-vos que ja tenim aqu\u00ed la 1a edici\u00f3 de la Revista Digital elaborada pels i les alumnes de CM. En ella hi podreu trobar un munt d&#8217;articles interessants relcionats amb el nostre poble que els s\u00faper reporters i reporteres han redactat per tal de fer-vos passar una estona entretinguda i culturalment molt profitosa.<\/p>\n<p>Clikeu l&#8217;enlla\u00e7 per poder tenir acc\u00e9s a la revista. <a href=\"https:\/\/drive.google.com\/drive\/folders\/1dkGqhF0zeqX4izvJJXzaONh99Bunm42c?usp=sharing\">1a edici\u00f3 REVISTA DIGITAL CM, Escola \u00d2rrius.<\/a><\/p>\n<p>&nbsp;<\/p>\n","protected":false},"excerpt":{"rendered":"<p>\u00c9s un plaer comunicar-vos que ja tenim aqu\u00ed la 1a edici\u00f3 de la Revista Digital elaborada pels i les alumnes de CM. En ella hi podreu trobar un munt d&#8217;articles interessants relcionats amb el nostre poble que els s\u00faper reporters i reporteres han redactat per&hellip;  <a href=\"https:\/\/agora.xtec.cat\/ceipfmacia-orrius\/general\/1a-edicio-revista-digital-cm\/\" title=\"Read 1a EDICI\u00d3 REVISTA DIGITAL CM\">Llegeix m\u00e9s\u00bb<\/a><\/p>\n","protected":false},"author":1,"featured_media":3736,"comment_status":"open","ping_status":"closed","sticky":false,"template":"","format":"standard","meta":{"_bbp_topic_count":0,"_bbp_reply_count":0,"_bbp_total_topic_count":0,"_bbp_total_reply_count":0,"_bbp_voice_count":0,"_bbp_anonymous_reply_count":0,"_bbp_topic_count_hidden":0,"_bbp_reply_count_hidden":0,"_bbp_forum_subforum_count":0,"footnotes":""},"categories":[1,4],"tags":[],"class_list":["post-3735","post","type-post","status-publish","format-standard","has-post-thumbnail","hentry","category-general","category-portada"],"post_mailing_queue_ids":[],"_links":{"self":[{"href":"https:\/\/agora.xtec.cat\/ceipfmacia-orrius\/wp-json\/wp\/v2\/posts\/3735","targetHints":{"allow":["GET"]}}],"collection":[{"href":"https:\/\/agora.xtec.cat\/ceipfmacia-orrius\/wp-json\/wp\/v2\/posts"}],"about":[{"href":"https:\/\/agora.xtec.cat\/ceipfmacia-orrius\/wp-json\/wp\/v2\/types\/post"}],"author":[{"embeddable":true,"href":"https:\/\/agora.xtec.cat\/ceipfmacia-orrius\/wp-json\/wp\/v2\/users\/1"}],"replies":[{"embeddable":true,"href":"https:\/\/agora.xtec.cat\/ceipfmacia-orrius\/wp-json\/wp\/v2\/comments?post=3735"}],"version-history":[{"count":1,"href":"https:\/\/agora.xtec.cat\/ceipfmacia-orrius\/wp-json\/wp\/v2\/posts\/3735\/revisions"}],"predecessor-version":[{"id":3737,"href":"https:\/\/agora.xtec.cat\/ceipfmacia-orrius\/wp-json\/wp\/v2\/posts\/3735\/revisions\/3737"}],"wp:featuredmedia":[{"embeddable":true,"href":"https:\/\/agora.xtec.cat\/ceipfmacia-orrius\/wp-json\/wp\/v2\/media\/3736"}],"wp:attachment":[{"href":"https:\/\/agora.xtec.cat\/ceipfmacia-orrius\/wp-json\/wp\/v2\/media?parent=3735"}],"wp:term":[{"taxonomy":"category","embeddable":true,"href":"https:\/\/agora.xtec.cat\/ceipfmacia-orrius\/wp-json\/wp\/v2\/categories?post=3735"},{"taxonomy":"post_tag","embeddable":true,"href":"https:\/\/agora.xtec.cat\/ceipfmacia-orrius\/wp-json\/wp\/v2\/tags?post=3735"}],"curies":[{"name":"wp","href":"https:\/\/api.w.org\/{rel}","templated":true}]}}