{"id":3732,"date":"2024-04-02T14:38:34","date_gmt":"2024-04-02T12:38:34","guid":{"rendered":"https:\/\/agora.xtec.cat\/ceipfmacia-orrius\/?p=3732"},"modified":"2024-04-02T14:38:34","modified_gmt":"2024-04-02T12:38:34","slug":"castell-de-burriac","status":"publish","type":"post","link":"https:\/\/agora.xtec.cat\/ceipfmacia-orrius\/general\/castell-de-burriac\/","title":{"rendered":"Castell de Burriac"},"content":{"rendered":"<div class=\"flex-1 overflow-hidden\">\n<div class=\"react-scroll-to-bottom--css-rjcie-79elbk h-full\">\n<div class=\"react-scroll-to-bottom--css-rjcie-1n7m0yu\">\n<div class=\"flex flex-col text-sm pb-9\">\n<div class=\"w-full text-token-text-primary\" data-testid=\"conversation-turn-5\">\n<div class=\"px-4 py-2 justify-center text-base md:gap-6 m-auto\">\n<div class=\"flex flex-1 text-base mx-auto gap-3 md:px-5 lg:px-1 xl:px-5 md:max-w-3xl lg:max-w-[40rem] xl:max-w-[48rem] group final-completion\">\n<div class=\"relative flex w-full flex-col agent-turn\">\n<div class=\"flex-col gap-1 md:gap-3\">\n<div class=\"flex flex-grow flex-col max-w-full\">\n<div class=\"min-h-[20px] text-message flex flex-col items-start gap-3 whitespace-pre-wrap break-words [.text-message+&amp;]:mt-5 overflow-x-auto\" data-message-author-role=\"assistant\" data-message-id=\"9055882e-7a71-478d-9dce-d6d474a4ed41\">\n<div class=\"markdown prose w-full break-words dark:prose-invert dark\">\n<p>L&#8217;alumnat de Cicle Superior es trasllada a l&#8217;Edat Mitjana fent un viatge fins al castell de Burriac. Els infants s&#8217;immersen en l&#8217;\u00e8poca medieval, explorant les antigues muralles i torres del castell mentre vesteixen vestits aut\u00e8ntics. Convertits en cavallers i dames, recreen escenes de l&#8217;Edat Mitjana, fent que la hist\u00f2ria prengui vida davant dels nostres ulls.<\/p>\n<p>Ha estat una aventura hist\u00f2rica que ens ha transportat a temps passats i ens ha fet sentir com si estiguessim realment a l&#8217;Edat Mitjana.<\/p>\n<p>A continuaci\u00f3 us deixem el <a href=\"https:\/\/drive.google.com\/file\/d\/1OYVLAmbHA1XfWvsxC9pi8V3qK8PXnO3P\/view?usp=sharing\">v\u00eddeo<\/a>, no us podeu perdre aquest viatge en el temps!<\/p>\n<p>&nbsp;<\/p>\n<\/div>\n<\/div>\n<\/div>\n<\/div>\n<\/div>\n<\/div>\n<\/div>\n<\/div>\n<\/div>\n<\/div>\n<\/div>\n<\/div>\n","protected":false},"excerpt":{"rendered":"<p>L&#8217;alumnat de Cicle Superior es trasllada a l&#8217;Edat Mitjana fent un viatge fins al castell de Burriac. Els infants s&#8217;immersen en l&#8217;\u00e8poca medieval, explorant les antigues muralles i torres del castell mentre vesteixen vestits aut\u00e8ntics. Convertits en cavallers i dames, recreen escenes de l&#8217;Edat Mitjana,&hellip;  <a href=\"https:\/\/agora.xtec.cat\/ceipfmacia-orrius\/general\/castell-de-burriac\/\" title=\"Read Castell de Burriac\">Llegeix m\u00e9s\u00bb<\/a><\/p>\n","protected":false},"author":1,"featured_media":3739,"comment_status":"open","ping_status":"closed","sticky":false,"template":"","format":"standard","meta":{"_bbp_topic_count":0,"_bbp_reply_count":0,"_bbp_total_topic_count":0,"_bbp_total_reply_count":0,"_bbp_voice_count":0,"_bbp_anonymous_reply_count":0,"_bbp_topic_count_hidden":0,"_bbp_reply_count_hidden":0,"_bbp_forum_subforum_count":0,"footnotes":""},"categories":[169,61,1,4],"tags":[],"class_list":["post-3732","post","type-post","status-publish","format-standard","has-post-thumbnail","hentry","category-porrons","category-cs","category-general","category-portada"],"post_mailing_queue_ids":[],"_links":{"self":[{"href":"https:\/\/agora.xtec.cat\/ceipfmacia-orrius\/wp-json\/wp\/v2\/posts\/3732","targetHints":{"allow":["GET"]}}],"collection":[{"href":"https:\/\/agora.xtec.cat\/ceipfmacia-orrius\/wp-json\/wp\/v2\/posts"}],"about":[{"href":"https:\/\/agora.xtec.cat\/ceipfmacia-orrius\/wp-json\/wp\/v2\/types\/post"}],"author":[{"embeddable":true,"href":"https:\/\/agora.xtec.cat\/ceipfmacia-orrius\/wp-json\/wp\/v2\/users\/1"}],"replies":[{"embeddable":true,"href":"https:\/\/agora.xtec.cat\/ceipfmacia-orrius\/wp-json\/wp\/v2\/comments?post=3732"}],"version-history":[{"count":2,"href":"https:\/\/agora.xtec.cat\/ceipfmacia-orrius\/wp-json\/wp\/v2\/posts\/3732\/revisions"}],"predecessor-version":[{"id":3734,"href":"https:\/\/agora.xtec.cat\/ceipfmacia-orrius\/wp-json\/wp\/v2\/posts\/3732\/revisions\/3734"}],"wp:featuredmedia":[{"embeddable":true,"href":"https:\/\/agora.xtec.cat\/ceipfmacia-orrius\/wp-json\/wp\/v2\/media\/3739"}],"wp:attachment":[{"href":"https:\/\/agora.xtec.cat\/ceipfmacia-orrius\/wp-json\/wp\/v2\/media?parent=3732"}],"wp:term":[{"taxonomy":"category","embeddable":true,"href":"https:\/\/agora.xtec.cat\/ceipfmacia-orrius\/wp-json\/wp\/v2\/categories?post=3732"},{"taxonomy":"post_tag","embeddable":true,"href":"https:\/\/agora.xtec.cat\/ceipfmacia-orrius\/wp-json\/wp\/v2\/tags?post=3732"}],"curies":[{"name":"wp","href":"https:\/\/api.w.org\/{rel}","templated":true}]}}