{"id":3720,"date":"2024-03-15T12:15:11","date_gmt":"2024-03-15T11:15:11","guid":{"rendered":"https:\/\/agora.xtec.cat\/ceipfmacia-orrius\/?p=3720"},"modified":"2024-03-15T12:15:11","modified_gmt":"2024-03-15T11:15:11","slug":"infantil-visita-el-cosmocaixa","status":"publish","type":"post","link":"https:\/\/agora.xtec.cat\/ceipfmacia-orrius\/infantil\/infantil-visita-el-cosmocaixa\/","title":{"rendered":"INFANTIL VISITA EL COSMOCAIXA"},"content":{"rendered":"<p>El passat dijous 14 de mar\u00e7 els infants d&#8217;Infantil vam gaudir d&#8217;un dia ple d&#8217;emocions, comen\u00e7ant per anar amb autocar fins a Barcelona, i un cop all\u00e0 gaudint de les experi\u00e8ncies viscudes al Cosmocaixa, amb les activitas d&#8217;investigaci\u00f3 del Clik, descobrint com eren els dinosaures i fent un volt pel bosc inundat.<\/p>\n<p><a href=\"https:\/\/drive.google.com\/drive\/folders\/1tA6EqlqgcW-Gol1Sph-nTQBOH59dDF4c?usp=sharing\">Aqu\u00ed<\/a> us deixem un recull de fotografies de la sortida.<\/p>\n","protected":false},"excerpt":{"rendered":"<p>El passat dijous 14 de mar\u00e7 els infants d&#8217;Infantil vam gaudir d&#8217;un dia ple d&#8217;emocions, comen\u00e7ant per anar amb autocar fins a Barcelona, i un cop all\u00e0 gaudint de les experi\u00e8ncies viscudes al Cosmocaixa, amb les activitas d&#8217;investigaci\u00f3 del Clik, descobrint com eren els dinosaures&hellip;  <a href=\"https:\/\/agora.xtec.cat\/ceipfmacia-orrius\/infantil\/infantil-visita-el-cosmocaixa\/\" title=\"Read INFANTIL VISITA EL COSMOCAIXA\">Llegeix m\u00e9s\u00bb<\/a><\/p>\n","protected":false},"author":1,"featured_media":3721,"comment_status":"open","ping_status":"closed","sticky":false,"template":"","format":"standard","meta":{"_bbp_topic_count":0,"_bbp_reply_count":0,"_bbp_total_topic_count":0,"_bbp_total_reply_count":0,"_bbp_voice_count":0,"_bbp_anonymous_reply_count":0,"_bbp_topic_count_hidden":0,"_bbp_reply_count_hidden":0,"_bbp_forum_subforum_count":0,"footnotes":""},"categories":[2,4],"tags":[],"class_list":["post-3720","post","type-post","status-publish","format-standard","has-post-thumbnail","hentry","category-infantil","category-portada"],"post_mailing_queue_ids":[],"_links":{"self":[{"href":"https:\/\/agora.xtec.cat\/ceipfmacia-orrius\/wp-json\/wp\/v2\/posts\/3720","targetHints":{"allow":["GET"]}}],"collection":[{"href":"https:\/\/agora.xtec.cat\/ceipfmacia-orrius\/wp-json\/wp\/v2\/posts"}],"about":[{"href":"https:\/\/agora.xtec.cat\/ceipfmacia-orrius\/wp-json\/wp\/v2\/types\/post"}],"author":[{"embeddable":true,"href":"https:\/\/agora.xtec.cat\/ceipfmacia-orrius\/wp-json\/wp\/v2\/users\/1"}],"replies":[{"embeddable":true,"href":"https:\/\/agora.xtec.cat\/ceipfmacia-orrius\/wp-json\/wp\/v2\/comments?post=3720"}],"version-history":[{"count":1,"href":"https:\/\/agora.xtec.cat\/ceipfmacia-orrius\/wp-json\/wp\/v2\/posts\/3720\/revisions"}],"predecessor-version":[{"id":3722,"href":"https:\/\/agora.xtec.cat\/ceipfmacia-orrius\/wp-json\/wp\/v2\/posts\/3720\/revisions\/3722"}],"wp:featuredmedia":[{"embeddable":true,"href":"https:\/\/agora.xtec.cat\/ceipfmacia-orrius\/wp-json\/wp\/v2\/media\/3721"}],"wp:attachment":[{"href":"https:\/\/agora.xtec.cat\/ceipfmacia-orrius\/wp-json\/wp\/v2\/media?parent=3720"}],"wp:term":[{"taxonomy":"category","embeddable":true,"href":"https:\/\/agora.xtec.cat\/ceipfmacia-orrius\/wp-json\/wp\/v2\/categories?post=3720"},{"taxonomy":"post_tag","embeddable":true,"href":"https:\/\/agora.xtec.cat\/ceipfmacia-orrius\/wp-json\/wp\/v2\/tags?post=3720"}],"curies":[{"name":"wp","href":"https:\/\/api.w.org\/{rel}","templated":true}]}}