{"id":3694,"date":"2024-02-26T11:56:50","date_gmt":"2024-02-26T10:56:50","guid":{"rendered":"https:\/\/agora.xtec.cat\/ceipfmacia-orrius\/?p=3694"},"modified":"2024-02-26T11:57:34","modified_gmt":"2024-02-26T10:57:34","slug":"cm-a-la-fundacio-alicia","status":"publish","type":"post","link":"https:\/\/agora.xtec.cat\/ceipfmacia-orrius\/general\/cm-a-la-fundacio-alicia\/","title":{"rendered":"CM A LA FUNDACI\u00d3 AL\u00cdCIA"},"content":{"rendered":"<p><span style=\"font-weight: 400;\">El passat dimecres 21 de febrer, els alumnes de cicle mitj\u00e0 han tingut l&#8217;oportunitat \u00fanica de convertir-se en aut\u00e8ntics xefs per un dia gr\u00e0cies a una emocionant sortida a la Fundaci\u00f3 Al\u00edcia. Durant aquesta experi\u00e8ncia inoblidable, la classe dels cal\u00e7ots\u00a0 han pogut posar a prova les seves habilitats culin\u00e0ries i explorar un m\u00f3n de sabors i textures en un entorn professional.<\/span><\/p>\n<p><span style=\"font-weight: 400;\">Aquesta sortida no nom\u00e9s ha estat una experi\u00e8ncia plena de sabors, sin\u00f3 tamb\u00e9 una oportunitat per aprendre sobre la import\u00e0ncia de l&#8217;alimentaci\u00f3 saludable, la creativitat en la cuina i el treball en equip. Sense dubte, els alumnes s&#8217;han emportat\u00a0 amb ells nous coneixements i mem\u00f2ries que segurament recordaran per sempre.<\/span><\/p>\n<p><a href=\"https:\/\/drive.google.com\/drive\/folders\/1LPH6oohW27xZ87SsZj7vAxOBkC2oafzo?usp=sharing\">Aqu\u00ed<\/a> us deixem un recull dels moments vicuts<\/p>\n","protected":false},"excerpt":{"rendered":"<p>El passat dimecres 21 de febrer, els alumnes de cicle mitj\u00e0 han tingut l&#8217;oportunitat \u00fanica de convertir-se en aut\u00e8ntics xefs per un dia gr\u00e0cies a una emocionant sortida a la Fundaci\u00f3 Al\u00edcia. Durant aquesta experi\u00e8ncia inoblidable, la classe dels cal\u00e7ots\u00a0 han pogut posar a prova&hellip;  <a href=\"https:\/\/agora.xtec.cat\/ceipfmacia-orrius\/general\/cm-a-la-fundacio-alicia\/\" title=\"Read CM A LA FUNDACI\u00d3 AL\u00cdCIA\">Llegeix m\u00e9s\u00bb<\/a><\/p>\n","protected":false},"author":1,"featured_media":3695,"comment_status":"open","ping_status":"closed","sticky":false,"template":"","format":"standard","meta":{"_bbp_topic_count":0,"_bbp_reply_count":0,"_bbp_total_topic_count":0,"_bbp_total_reply_count":0,"_bbp_voice_count":0,"_bbp_anonymous_reply_count":0,"_bbp_topic_count_hidden":0,"_bbp_reply_count_hidden":0,"_bbp_forum_subforum_count":0,"footnotes":""},"categories":[60,1,13,4],"tags":[],"class_list":["post-3694","post","type-post","status-publish","format-standard","has-post-thumbnail","hentry","category-cm","category-general","category-mascotes-olimpiques","category-portada"],"post_mailing_queue_ids":[],"_links":{"self":[{"href":"https:\/\/agora.xtec.cat\/ceipfmacia-orrius\/wp-json\/wp\/v2\/posts\/3694","targetHints":{"allow":["GET"]}}],"collection":[{"href":"https:\/\/agora.xtec.cat\/ceipfmacia-orrius\/wp-json\/wp\/v2\/posts"}],"about":[{"href":"https:\/\/agora.xtec.cat\/ceipfmacia-orrius\/wp-json\/wp\/v2\/types\/post"}],"author":[{"embeddable":true,"href":"https:\/\/agora.xtec.cat\/ceipfmacia-orrius\/wp-json\/wp\/v2\/users\/1"}],"replies":[{"embeddable":true,"href":"https:\/\/agora.xtec.cat\/ceipfmacia-orrius\/wp-json\/wp\/v2\/comments?post=3694"}],"version-history":[{"count":1,"href":"https:\/\/agora.xtec.cat\/ceipfmacia-orrius\/wp-json\/wp\/v2\/posts\/3694\/revisions"}],"predecessor-version":[{"id":3696,"href":"https:\/\/agora.xtec.cat\/ceipfmacia-orrius\/wp-json\/wp\/v2\/posts\/3694\/revisions\/3696"}],"wp:featuredmedia":[{"embeddable":true,"href":"https:\/\/agora.xtec.cat\/ceipfmacia-orrius\/wp-json\/wp\/v2\/media\/3695"}],"wp:attachment":[{"href":"https:\/\/agora.xtec.cat\/ceipfmacia-orrius\/wp-json\/wp\/v2\/media?parent=3694"}],"wp:term":[{"taxonomy":"category","embeddable":true,"href":"https:\/\/agora.xtec.cat\/ceipfmacia-orrius\/wp-json\/wp\/v2\/categories?post=3694"},{"taxonomy":"post_tag","embeddable":true,"href":"https:\/\/agora.xtec.cat\/ceipfmacia-orrius\/wp-json\/wp\/v2\/tags?post=3694"}],"curies":[{"name":"wp","href":"https:\/\/api.w.org\/{rel}","templated":true}]}}