{"id":3686,"date":"2024-03-15T10:52:27","date_gmt":"2024-03-15T09:52:27","guid":{"rendered":"https:\/\/agora.xtec.cat\/ceipfmacia-orrius\/?p=3686"},"modified":"2024-03-15T10:53:10","modified_gmt":"2024-03-15T09:53:10","slug":"sortida-a-montesquiu","status":"publish","type":"post","link":"https:\/\/agora.xtec.cat\/ceipfmacia-orrius\/portada\/sortida-a-montesquiu\/","title":{"rendered":"SORTIDA DE CS A MONTESQUIU"},"content":{"rendered":"<p>L&#8217;alumnat de Cicle Superior est\u00e0 treballant les \u00e8poques hist\u00f2riques i, per aquest motiu, hem anat a con\u00e8ixer el castell de Montesquiu i la seva hist\u00f2ria. Hem fet un viatge en el temps en un entorn natural privilegiat.<\/p>\n<p>Hem rebut una carta on l&#8217;Espadaler de Montesquiu ens ha explicat que al llarg del temps, arque\u00f2legs i historiadors han estudiat i investigat el castell, per\u00f2 encara queden alguns misteris per resoldre plegats. Per aix\u00f2 hem fet equips i hem resolt alguns misteris a trav\u00e9s de l&#8217;observaci\u00f3, l&#8217;an\u00e0lisi i la recerca. Hem pensat, explorat i col\u00b7laborat per resoldre plegats els enigmes del joc. Ens ho hem passat d&#8217;all\u00f2 m\u00e9s b\u00e9!<\/p>\n<p>Us deixem un recull de <a href=\"https:\/\/drive.google.com\/drive\/u\/1\/folders\/1-FpRC0XKB4ur7HzWe0lIHayzfh0HCmWH\">fotografies<\/a> de la sortida.<\/p>\n","protected":false},"excerpt":{"rendered":"<p>L&#8217;alumnat de Cicle Superior est\u00e0 treballant les \u00e8poques hist\u00f2riques i, per aquest motiu, hem anat a con\u00e8ixer el castell de Montesquiu i la seva hist\u00f2ria. Hem fet un viatge en el temps en un entorn natural privilegiat.<br \/>\nHem rebut una carta on l&#8217;Espadaler de Montesquiu ens&hellip;  <a href=\"https:\/\/agora.xtec.cat\/ceipfmacia-orrius\/portada\/sortida-a-montesquiu\/\" title=\"Read SORTIDA DE CS A MONTESQUIU\">Llegeix m\u00e9s\u00bb<\/a><\/p>\n","protected":false},"author":1,"featured_media":3718,"comment_status":"open","ping_status":"closed","sticky":false,"template":"","format":"standard","meta":{"_bbp_topic_count":0,"_bbp_reply_count":0,"_bbp_total_topic_count":0,"_bbp_total_reply_count":0,"_bbp_voice_count":0,"_bbp_anonymous_reply_count":0,"_bbp_topic_count_hidden":0,"_bbp_reply_count_hidden":0,"_bbp_forum_subforum_count":0,"footnotes":""},"categories":[169,61,4],"tags":[],"class_list":["post-3686","post","type-post","status-publish","format-standard","has-post-thumbnail","hentry","category-porrons","category-cs","category-portada"],"post_mailing_queue_ids":[],"_links":{"self":[{"href":"https:\/\/agora.xtec.cat\/ceipfmacia-orrius\/wp-json\/wp\/v2\/posts\/3686","targetHints":{"allow":["GET"]}}],"collection":[{"href":"https:\/\/agora.xtec.cat\/ceipfmacia-orrius\/wp-json\/wp\/v2\/posts"}],"about":[{"href":"https:\/\/agora.xtec.cat\/ceipfmacia-orrius\/wp-json\/wp\/v2\/types\/post"}],"author":[{"embeddable":true,"href":"https:\/\/agora.xtec.cat\/ceipfmacia-orrius\/wp-json\/wp\/v2\/users\/1"}],"replies":[{"embeddable":true,"href":"https:\/\/agora.xtec.cat\/ceipfmacia-orrius\/wp-json\/wp\/v2\/comments?post=3686"}],"version-history":[{"count":4,"href":"https:\/\/agora.xtec.cat\/ceipfmacia-orrius\/wp-json\/wp\/v2\/posts\/3686\/revisions"}],"predecessor-version":[{"id":3719,"href":"https:\/\/agora.xtec.cat\/ceipfmacia-orrius\/wp-json\/wp\/v2\/posts\/3686\/revisions\/3719"}],"wp:featuredmedia":[{"embeddable":true,"href":"https:\/\/agora.xtec.cat\/ceipfmacia-orrius\/wp-json\/wp\/v2\/media\/3718"}],"wp:attachment":[{"href":"https:\/\/agora.xtec.cat\/ceipfmacia-orrius\/wp-json\/wp\/v2\/media?parent=3686"}],"wp:term":[{"taxonomy":"category","embeddable":true,"href":"https:\/\/agora.xtec.cat\/ceipfmacia-orrius\/wp-json\/wp\/v2\/categories?post=3686"},{"taxonomy":"post_tag","embeddable":true,"href":"https:\/\/agora.xtec.cat\/ceipfmacia-orrius\/wp-json\/wp\/v2\/tags?post=3686"}],"curies":[{"name":"wp","href":"https:\/\/api.w.org\/{rel}","templated":true}]}}