{"id":3683,"date":"2024-02-16T10:09:38","date_gmt":"2024-02-16T09:09:38","guid":{"rendered":"https:\/\/agora.xtec.cat\/ceipfmacia-orrius\/?p=3683"},"modified":"2024-02-23T10:32:09","modified_gmt":"2024-02-23T09:32:09","slug":"infancia-i-pantalles","status":"publish","type":"post","link":"https:\/\/agora.xtec.cat\/ceipfmacia-orrius\/portada\/infancia-i-pantalles\/","title":{"rendered":"Inf\u00e0ncia i pantalles"},"content":{"rendered":"<blockquote><p>Les fam\u00edlies i tota la comunitat educativa mostra preocupaci\u00f3 per l&#8217;\u00fas o l&#8217;ab\u00fas de les pantalles que fan nois i noies. Aquesta hiperconnexi\u00f3 en la majoria de casos no \u00e9s patol\u00f2gica, per\u00f2 fora bo que ens planteg\u00e9ssim si nosaltres mateixos, els adults, tamb\u00e9 en patim, i quin model estem donant (eduCAC).<\/p><\/blockquote>\n<p>Amb aquesta cita volem iniciar el post d&#8217;avui i convidar a tota la comunitat educativa a fer una reflexi\u00f3 profunda sobre inf\u00e0ncia i pantalles. Amb la voluntat de crear aquest debat ric, us deixem alguns recursos per tal que els mireu.<\/p>\n<p>En primer lloc, un documental anomenat &#8220;<a href=\"https:\/\/www.ccma.cat\/3cat\/la-gran-distraccio\/video\/6212396\/\">La gran distracci\u00f3<\/a>&#8221; que ens convida a (pre)ocupar-nos sobre el temps fora de control que els adolescents dediquen al m\u00f2bil i a les pantalles recreatives.<\/p>\n<p>Seguidament, un <a href=\"https:\/\/www.youtube.com\/watch?v=TDn-5sylKFI\">v\u00eddeo de youtube<\/a> de la Dra. Marian Rojas Estap\u00e9, que malgrat ser del 2020, ens explica com actua el cervell i les emocions quan posem als infants davant d&#8217;elles.<\/p>\n<p>Per altra banda, no volem oblidar-nos de la reflexi\u00f3 al voltant de la prohibici\u00f3 de m\u00f2bils a les escoles que s&#8217;ha dut a terme actualment pel Departament d&#8217;Educaci\u00f3. En aquest sentit, un article de la Fundaci\u00f3 Bofill anomenat &#8220;<a href=\"https:\/\/fundaciobofill.cat\/blog\/repte-risc-o-oportunitat-el-debat-dels-mobils-a-l-escola-i-que-podem-aprendre-d-europa\">Repte, risc o oportunitat? El debat dels m\u00f2bils<\/a>&#8221; ens pot donar m\u00e9s dades per fer una bona lectura cr\u00edtica de tot plegat.<\/p>\n<p>Per acabar, us facilitem tamb\u00e9 la <a href=\"https:\/\/www.educac.cat\/families\">web eduCAC<\/a> amb un munt de recursos per treballar l&#8217;educaci\u00f3 medi\u00e0tica a nivell familiar (tamb\u00e9 a nivell d&#8217;escola) i un conte infantil &#8220;<a href=\"https:\/\/www.casadellibro.com\/libro-leo-no-sabe-jugar\/9788408278108\/14163201?awc=21491_1699005669_dc9f4f585b83e05fb589b7f1d9499310&amp;utm_source=awin&amp;utm_campaign=527553&amp;utm_medium=afiliados&amp;utm_content=Editorial%20Planeta,%20SA\">Leo no sabe jugar<\/a>&#8221; que reivindica el valor del joc i la fantasia.<\/p>\n<p>Alumnes, fam\u00edlies i mestres, teniu algun altre documental\/v\u00eddeo\/conte interessant per compartir? Voleu dir la vostra? Us llegim als comentaris!<\/p>\n","protected":false},"excerpt":{"rendered":"<p>Les fam\u00edlies i tota la comunitat educativa mostra preocupaci\u00f3 per l&#8217;\u00fas o l&#8217;ab\u00fas de les pantalles que fan nois i noies. Aquesta hiperconnexi\u00f3 en la majoria de casos no \u00e9s patol\u00f2gica, per\u00f2 fora bo que ens planteg\u00e9ssim si nosaltres mateixos, els adults, tamb\u00e9 en patim,&hellip;  <a href=\"https:\/\/agora.xtec.cat\/ceipfmacia-orrius\/portada\/infancia-i-pantalles\/\" title=\"Read Inf\u00e0ncia i pantalles\">Llegeix m\u00e9s\u00bb<\/a><\/p>\n","protected":false},"author":29,"featured_media":3684,"comment_status":"open","ping_status":"closed","sticky":false,"template":"","format":"standard","meta":{"_bbp_topic_count":0,"_bbp_reply_count":0,"_bbp_total_topic_count":0,"_bbp_total_reply_count":0,"_bbp_voice_count":0,"_bbp_anonymous_reply_count":0,"_bbp_topic_count_hidden":0,"_bbp_reply_count_hidden":0,"_bbp_forum_subforum_count":0,"footnotes":""},"categories":[134,4],"tags":[176],"class_list":["post-3683","post","type-post","status-publish","format-standard","has-post-thumbnail","hentry","category-espai-families","category-portada","tag-infanciaipantalles"],"post_mailing_queue_ids":[],"_links":{"self":[{"href":"https:\/\/agora.xtec.cat\/ceipfmacia-orrius\/wp-json\/wp\/v2\/posts\/3683","targetHints":{"allow":["GET"]}}],"collection":[{"href":"https:\/\/agora.xtec.cat\/ceipfmacia-orrius\/wp-json\/wp\/v2\/posts"}],"about":[{"href":"https:\/\/agora.xtec.cat\/ceipfmacia-orrius\/wp-json\/wp\/v2\/types\/post"}],"author":[{"embeddable":true,"href":"https:\/\/agora.xtec.cat\/ceipfmacia-orrius\/wp-json\/wp\/v2\/users\/29"}],"replies":[{"embeddable":true,"href":"https:\/\/agora.xtec.cat\/ceipfmacia-orrius\/wp-json\/wp\/v2\/comments?post=3683"}],"version-history":[{"count":2,"href":"https:\/\/agora.xtec.cat\/ceipfmacia-orrius\/wp-json\/wp\/v2\/posts\/3683\/revisions"}],"predecessor-version":[{"id":3693,"href":"https:\/\/agora.xtec.cat\/ceipfmacia-orrius\/wp-json\/wp\/v2\/posts\/3683\/revisions\/3693"}],"wp:featuredmedia":[{"embeddable":true,"href":"https:\/\/agora.xtec.cat\/ceipfmacia-orrius\/wp-json\/wp\/v2\/media\/3684"}],"wp:attachment":[{"href":"https:\/\/agora.xtec.cat\/ceipfmacia-orrius\/wp-json\/wp\/v2\/media?parent=3683"}],"wp:term":[{"taxonomy":"category","embeddable":true,"href":"https:\/\/agora.xtec.cat\/ceipfmacia-orrius\/wp-json\/wp\/v2\/categories?post=3683"},{"taxonomy":"post_tag","embeddable":true,"href":"https:\/\/agora.xtec.cat\/ceipfmacia-orrius\/wp-json\/wp\/v2\/tags?post=3683"}],"curies":[{"name":"wp","href":"https:\/\/api.w.org\/{rel}","templated":true}]}}