{"id":3669,"date":"2024-02-09T12:25:56","date_gmt":"2024-02-09T11:25:56","guid":{"rendered":"https:\/\/agora.xtec.cat\/ceipfmacia-orrius\/?p=3669"},"modified":"2024-02-09T12:26:39","modified_gmt":"2024-02-09T11:26:39","slug":"dijous-llarder-a-sant-brtomeu","status":"publish","type":"post","link":"https:\/\/agora.xtec.cat\/ceipfmacia-orrius\/portada\/dijous-llarder-a-sant-brtomeu\/","title":{"rendered":"DIJOUS LLARDER A SANT BARTOMEU"},"content":{"rendered":"<p>El <strong>DIJOUS LLARDER<\/strong>, com \u00e9s tradici\u00f3 a l&#8217;escola ,tots els infants, des de d&#8217;I3 fins a 6\u00e8, vam anar d&#8217;excursi\u00f3 a passar el dia Sant Bartomeu, gaudint de la natura,fent un tastet de butifarra amb pa i visitant el poblat ib\u00e8ric de C\u00e8llecs.<\/p>\n<p><a href=\"https:\/\/drive.google.com\/drive\/folders\/1sNWTeCOYYMFeM-J6sIojtsZcp3np-rml?usp=sharing\">Aqu\u00ed <\/a>teniu un petit recull d&#8217;aquest dia tan fant\u00e0stic.<\/p>\n","protected":false},"excerpt":{"rendered":"<p>El DIJOUS LLARDER, com \u00e9s tradici\u00f3 a l&#8217;escola ,tots els infants, des de d&#8217;I3 fins a 6\u00e8, vam anar d&#8217;excursi\u00f3 a passar el dia Sant Bartomeu, gaudint de la natura,fent un tastet de butifarra amb pa i visitant el poblat ib\u00e8ric de C\u00e8llecs.<br \/>\n<a href=\"https:\/\/drive.google.com\/drive\/folders\/1sNWTeCOYYMFeM-J6sIojtsZcp3np-rml?usp=sharing\">Aqu\u00ed <\/a>teniu&hellip;  <a href=\"https:\/\/agora.xtec.cat\/ceipfmacia-orrius\/portada\/dijous-llarder-a-sant-brtomeu\/\" title=\"Read DIJOUS LLARDER A SANT BARTOMEU\">Llegeix m\u00e9s\u00bb<\/a><\/p>\n","protected":false},"author":1,"featured_media":3670,"comment_status":"open","ping_status":"closed","sticky":false,"template":"","format":"standard","meta":{"_bbp_topic_count":0,"_bbp_reply_count":0,"_bbp_total_topic_count":0,"_bbp_total_reply_count":0,"_bbp_voice_count":0,"_bbp_anonymous_reply_count":0,"_bbp_topic_count_hidden":0,"_bbp_reply_count_hidden":0,"_bbp_forum_subforum_count":0,"footnotes":""},"categories":[4],"tags":[],"class_list":["post-3669","post","type-post","status-publish","format-standard","has-post-thumbnail","hentry","category-portada"],"post_mailing_queue_ids":[],"_links":{"self":[{"href":"https:\/\/agora.xtec.cat\/ceipfmacia-orrius\/wp-json\/wp\/v2\/posts\/3669","targetHints":{"allow":["GET"]}}],"collection":[{"href":"https:\/\/agora.xtec.cat\/ceipfmacia-orrius\/wp-json\/wp\/v2\/posts"}],"about":[{"href":"https:\/\/agora.xtec.cat\/ceipfmacia-orrius\/wp-json\/wp\/v2\/types\/post"}],"author":[{"embeddable":true,"href":"https:\/\/agora.xtec.cat\/ceipfmacia-orrius\/wp-json\/wp\/v2\/users\/1"}],"replies":[{"embeddable":true,"href":"https:\/\/agora.xtec.cat\/ceipfmacia-orrius\/wp-json\/wp\/v2\/comments?post=3669"}],"version-history":[{"count":2,"href":"https:\/\/agora.xtec.cat\/ceipfmacia-orrius\/wp-json\/wp\/v2\/posts\/3669\/revisions"}],"predecessor-version":[{"id":3672,"href":"https:\/\/agora.xtec.cat\/ceipfmacia-orrius\/wp-json\/wp\/v2\/posts\/3669\/revisions\/3672"}],"wp:featuredmedia":[{"embeddable":true,"href":"https:\/\/agora.xtec.cat\/ceipfmacia-orrius\/wp-json\/wp\/v2\/media\/3670"}],"wp:attachment":[{"href":"https:\/\/agora.xtec.cat\/ceipfmacia-orrius\/wp-json\/wp\/v2\/media?parent=3669"}],"wp:term":[{"taxonomy":"category","embeddable":true,"href":"https:\/\/agora.xtec.cat\/ceipfmacia-orrius\/wp-json\/wp\/v2\/categories?post=3669"},{"taxonomy":"post_tag","embeddable":true,"href":"https:\/\/agora.xtec.cat\/ceipfmacia-orrius\/wp-json\/wp\/v2\/tags?post=3669"}],"curies":[{"name":"wp","href":"https:\/\/api.w.org\/{rel}","templated":true}]}}