{"id":3647,"date":"2024-01-29T15:35:39","date_gmt":"2024-01-29T14:35:39","guid":{"rendered":"https:\/\/agora.xtec.cat\/ceipfmacia-orrius\/?p=3647"},"modified":"2024-01-29T15:35:39","modified_gmt":"2024-01-29T14:35:39","slug":"i-tu-que-menges","status":"publish","type":"post","link":"https:\/\/agora.xtec.cat\/ceipfmacia-orrius\/general\/i-tu-que-menges\/","title":{"rendered":"I TU, QU\u00c8 MENGES?"},"content":{"rendered":"<p>La classe dels cal\u00e7ots hem estat treballant la pir\u00e0mide de l&#8217;alimentaci\u00f3. Primer vam classificar els aliments segons la freq\u00fc\u00e8ncia en que creiem que \u00e9s saludable menjar-los. Tamb\u00e9 els vam classificar segons el tipus d&#8217;aliments (fruites, verdures, llegums, carn, peix..). I tamb\u00e9 hem reflexionat sobre la pr\u00f2pia alimentaci\u00f3. I tu, qu\u00e8 menges?<\/p>\n<p>Podeu veure fotos <a href=\"https:\/\/drive.google.com\/drive\/folders\/1Ct2S1zFgYj3jFSMRbCqqYyo-G1hjDylw?usp=sharing\">AQU\u00cd<\/a><\/p>\n","protected":false},"excerpt":{"rendered":"<p>La classe dels cal\u00e7ots hem estat treballant la pir\u00e0mide de l&#8217;alimentaci\u00f3. Primer vam classificar els aliments segons la freq\u00fc\u00e8ncia en que creiem que \u00e9s saludable menjar-los. Tamb\u00e9 els vam classificar segons el tipus d&#8217;aliments (fruites, verdures, llegums, carn, peix..). I tamb\u00e9 hem reflexionat sobre la&hellip;  <a href=\"https:\/\/agora.xtec.cat\/ceipfmacia-orrius\/general\/i-tu-que-menges\/\" title=\"Read I TU, QU\u00c8 MENGES?\">Llegeix m\u00e9s\u00bb<\/a><\/p>\n","protected":false},"author":8,"featured_media":3649,"comment_status":"open","ping_status":"closed","sticky":false,"template":"","format":"standard","meta":{"_bbp_topic_count":0,"_bbp_reply_count":0,"_bbp_total_topic_count":0,"_bbp_total_reply_count":0,"_bbp_voice_count":0,"_bbp_anonymous_reply_count":0,"_bbp_topic_count_hidden":0,"_bbp_reply_count_hidden":0,"_bbp_forum_subforum_count":0,"footnotes":""},"categories":[60,1,13,4],"tags":[],"class_list":["post-3647","post","type-post","status-publish","format-standard","has-post-thumbnail","hentry","category-cm","category-general","category-mascotes-olimpiques","category-portada"],"post_mailing_queue_ids":[],"_links":{"self":[{"href":"https:\/\/agora.xtec.cat\/ceipfmacia-orrius\/wp-json\/wp\/v2\/posts\/3647","targetHints":{"allow":["GET"]}}],"collection":[{"href":"https:\/\/agora.xtec.cat\/ceipfmacia-orrius\/wp-json\/wp\/v2\/posts"}],"about":[{"href":"https:\/\/agora.xtec.cat\/ceipfmacia-orrius\/wp-json\/wp\/v2\/types\/post"}],"author":[{"embeddable":true,"href":"https:\/\/agora.xtec.cat\/ceipfmacia-orrius\/wp-json\/wp\/v2\/users\/8"}],"replies":[{"embeddable":true,"href":"https:\/\/agora.xtec.cat\/ceipfmacia-orrius\/wp-json\/wp\/v2\/comments?post=3647"}],"version-history":[{"count":2,"href":"https:\/\/agora.xtec.cat\/ceipfmacia-orrius\/wp-json\/wp\/v2\/posts\/3647\/revisions"}],"predecessor-version":[{"id":3652,"href":"https:\/\/agora.xtec.cat\/ceipfmacia-orrius\/wp-json\/wp\/v2\/posts\/3647\/revisions\/3652"}],"wp:featuredmedia":[{"embeddable":true,"href":"https:\/\/agora.xtec.cat\/ceipfmacia-orrius\/wp-json\/wp\/v2\/media\/3649"}],"wp:attachment":[{"href":"https:\/\/agora.xtec.cat\/ceipfmacia-orrius\/wp-json\/wp\/v2\/media?parent=3647"}],"wp:term":[{"taxonomy":"category","embeddable":true,"href":"https:\/\/agora.xtec.cat\/ceipfmacia-orrius\/wp-json\/wp\/v2\/categories?post=3647"},{"taxonomy":"post_tag","embeddable":true,"href":"https:\/\/agora.xtec.cat\/ceipfmacia-orrius\/wp-json\/wp\/v2\/tags?post=3647"}],"curies":[{"name":"wp","href":"https:\/\/api.w.org\/{rel}","templated":true}]}}