{"id":3641,"date":"2024-01-24T09:35:38","date_gmt":"2024-01-24T08:35:38","guid":{"rendered":"https:\/\/agora.xtec.cat\/ceipfmacia-orrius\/?p=3641"},"modified":"2024-10-08T13:40:59","modified_gmt":"2024-10-08T11:40:59","slug":"tardes-despais-a-infantil","status":"publish","type":"post","link":"https:\/\/agora.xtec.cat\/ceipfmacia-orrius\/general\/tardes-despais-a-infantil\/","title":{"rendered":"TARDES D&#8217;ESPAIS A INFANTIL"},"content":{"rendered":"<p>A infantil continuem gaudint de les tardes d&#8217;espais amb unes propostes on\u00a0 es desenvolupen diferents activitats relalcionades amb la psicomotricitat fina, el\u00a0 pensament l\u00f2gico-matem\u00e0tic, l&#8217;expressi\u00f3 oral, l&#8217;art, la socialitzaci\u00f3 a trav\u00e9s de relacions i de l&#8217;entesa entre companys,\u00a0 i un llarg etc\u00e8tera de situacions d&#8217;aprenentatge que \u00e9s generen a cada espai, i aix\u00ed el resultat \u00e9s que\u00a0 trav\u00e9s del jocs i la creativitat els infants van desenvolupant les seves capacitats.<\/p>\n<p>Aqu\u00ed us deixem una petita mostra d&#8217;imatges de les <a href=\"https:\/\/drive.google.com\/drive\/folders\/1GfqC8FCqrLygKtbSbRqZA6BKCT9Agr1z?usp=sharing\">TARDES D&#8217;ESPAIS<\/a><\/p>\n","protected":false},"excerpt":{"rendered":"<p>A infantil continuem gaudint de les tardes d&#8217;espais amb unes propostes on\u00a0 es desenvolupen diferents activitats relalcionades amb la psicomotricitat fina, el\u00a0 pensament l\u00f2gico-matem\u00e0tic, l&#8217;expressi\u00f3 oral, l&#8217;art, la socialitzaci\u00f3 a trav\u00e9s de relacions i de l&#8217;entesa entre companys,\u00a0 i un llarg etc\u00e8tera de situacions d&#8217;aprenentatge&hellip;  <a href=\"https:\/\/agora.xtec.cat\/ceipfmacia-orrius\/general\/tardes-despais-a-infantil\/\" title=\"Read TARDES D&#8217;ESPAIS A INFANTIL\">Llegeix m\u00e9s\u00bb<\/a><\/p>\n","protected":false},"author":1,"featured_media":3642,"comment_status":"closed","ping_status":"closed","sticky":false,"template":"","format":"standard","meta":{"_bbp_topic_count":0,"_bbp_reply_count":0,"_bbp_total_topic_count":0,"_bbp_total_reply_count":0,"_bbp_voice_count":0,"_bbp_anonymous_reply_count":0,"_bbp_topic_count_hidden":0,"_bbp_reply_count_hidden":0,"_bbp_forum_subforum_count":0,"footnotes":""},"categories":[1,2,3,8,4],"tags":[],"class_list":["post-3641","post","type-post","status-publish","format-standard","has-post-thumbnail","hentry","category-general","category-infantil","category-maons","category-aquatics-infantil","category-portada"],"post_mailing_queue_ids":[],"_links":{"self":[{"href":"https:\/\/agora.xtec.cat\/ceipfmacia-orrius\/wp-json\/wp\/v2\/posts\/3641","targetHints":{"allow":["GET"]}}],"collection":[{"href":"https:\/\/agora.xtec.cat\/ceipfmacia-orrius\/wp-json\/wp\/v2\/posts"}],"about":[{"href":"https:\/\/agora.xtec.cat\/ceipfmacia-orrius\/wp-json\/wp\/v2\/types\/post"}],"author":[{"embeddable":true,"href":"https:\/\/agora.xtec.cat\/ceipfmacia-orrius\/wp-json\/wp\/v2\/users\/1"}],"replies":[{"embeddable":true,"href":"https:\/\/agora.xtec.cat\/ceipfmacia-orrius\/wp-json\/wp\/v2\/comments?post=3641"}],"version-history":[{"count":1,"href":"https:\/\/agora.xtec.cat\/ceipfmacia-orrius\/wp-json\/wp\/v2\/posts\/3641\/revisions"}],"predecessor-version":[{"id":3643,"href":"https:\/\/agora.xtec.cat\/ceipfmacia-orrius\/wp-json\/wp\/v2\/posts\/3641\/revisions\/3643"}],"wp:featuredmedia":[{"embeddable":true,"href":"https:\/\/agora.xtec.cat\/ceipfmacia-orrius\/wp-json\/wp\/v2\/media\/3642"}],"wp:attachment":[{"href":"https:\/\/agora.xtec.cat\/ceipfmacia-orrius\/wp-json\/wp\/v2\/media?parent=3641"}],"wp:term":[{"taxonomy":"category","embeddable":true,"href":"https:\/\/agora.xtec.cat\/ceipfmacia-orrius\/wp-json\/wp\/v2\/categories?post=3641"},{"taxonomy":"post_tag","embeddable":true,"href":"https:\/\/agora.xtec.cat\/ceipfmacia-orrius\/wp-json\/wp\/v2\/tags?post=3641"}],"curies":[{"name":"wp","href":"https:\/\/api.w.org\/{rel}","templated":true}]}}