{"id":3637,"date":"2024-01-22T15:33:09","date_gmt":"2024-01-22T14:33:09","guid":{"rendered":"https:\/\/agora.xtec.cat\/ceipfmacia-orrius\/?p=3637"},"modified":"2024-01-22T15:57:01","modified_gmt":"2024-01-22T14:57:01","slug":"classe-dels-calcots","status":"publish","type":"post","link":"https:\/\/agora.xtec.cat\/ceipfmacia-orrius\/general\/classe-dels-calcots\/","title":{"rendered":"LA CLASSE DELS CAL\u00c7OTS"},"content":{"rendered":"<p>Aquest curs la classe de Cicle Mitj\u00e0 som la classe dels cal\u00e7ots! Des de principis de curs que ens hem estant informant sobre aquest vegetal i estem tan entusiasmats que, un cop ja vam saber com es planten i com es calcen, vam voler plantar-ne a l&#8217;escola, amb l&#8217;esperan\u00e7a de poder fer una bona cal\u00e7otada ben aviat.<\/p>\n<p>Els primers dies els cal\u00e7ots van fer una bona crescuda. Creixien molt\u00edssim cada dia! Ara ja no notem tant de canvi, per\u00f2 els seguim regant i cal\u00e7ant de tant en tant.<\/p>\n<p>Si voleu veure m\u00e9s fotos, feu clic AQU\u00cd per accedir a la galeria<\/p>\n<p><a href=\"https:\/\/drive.google.com\/drive\/folders\/1HydLD_Npcoxps78dkCLm5fZN04r5zLEj?usp=sharing\"><img loading=\"lazy\" decoding=\"async\" class=\"alignnone size-medium wp-image-3638\" src=\"https:\/\/agora.xtec.cat\/ceipfmacia-orrius\/wp-content\/uploads\/usu2067\/2024\/01\/calcots-petita-d-228x300.jpg\" alt=\"\" width=\"228\" height=\"300\" srcset=\"https:\/\/agora.xtec.cat\/ceipfmacia-orrius\/wp-content\/uploads\/usu2067\/2024\/01\/calcots-petita-d-228x300.jpg 228w, https:\/\/agora.xtec.cat\/ceipfmacia-orrius\/wp-content\/uploads\/usu2067\/2024\/01\/calcots-petita-d-778x1024.jpg 778w, https:\/\/agora.xtec.cat\/ceipfmacia-orrius\/wp-content\/uploads\/usu2067\/2024\/01\/calcots-petita-d-768x1010.jpg 768w, https:\/\/agora.xtec.cat\/ceipfmacia-orrius\/wp-content\/uploads\/usu2067\/2024\/01\/calcots-petita-d-1168x1536.jpg 1168w, https:\/\/agora.xtec.cat\/ceipfmacia-orrius\/wp-content\/uploads\/usu2067\/2024\/01\/calcots-petita-d.jpg 1521w\" sizes=\"auto, (max-width: 228px) 100vw, 228px\" \/><\/a><\/p>\n<p>&nbsp;<\/p>\n<p>&nbsp;<\/p>\n","protected":false},"excerpt":{"rendered":"<p>Aquest curs la classe de Cicle Mitj\u00e0 som la classe dels cal\u00e7ots! Des de principis de curs que ens hem estant informant sobre aquest vegetal i estem tan entusiasmats que, un cop ja vam saber com es planten i com es calcen, vam voler plantar-ne&hellip;  <a href=\"https:\/\/agora.xtec.cat\/ceipfmacia-orrius\/general\/classe-dels-calcots\/\" title=\"Read LA CLASSE DELS CAL\u00c7OTS\">Llegeix m\u00e9s\u00bb<\/a><\/p>\n","protected":false},"author":8,"featured_media":3638,"comment_status":"open","ping_status":"closed","sticky":false,"template":"","format":"standard","meta":{"_bbp_topic_count":0,"_bbp_reply_count":0,"_bbp_total_topic_count":0,"_bbp_total_reply_count":0,"_bbp_voice_count":0,"_bbp_anonymous_reply_count":0,"_bbp_topic_count_hidden":0,"_bbp_reply_count_hidden":0,"_bbp_forum_subforum_count":0,"footnotes":""},"categories":[60,1,13,4],"tags":[],"class_list":["post-3637","post","type-post","status-publish","format-standard","has-post-thumbnail","hentry","category-cm","category-general","category-mascotes-olimpiques","category-portada"],"post_mailing_queue_ids":[],"_links":{"self":[{"href":"https:\/\/agora.xtec.cat\/ceipfmacia-orrius\/wp-json\/wp\/v2\/posts\/3637","targetHints":{"allow":["GET"]}}],"collection":[{"href":"https:\/\/agora.xtec.cat\/ceipfmacia-orrius\/wp-json\/wp\/v2\/posts"}],"about":[{"href":"https:\/\/agora.xtec.cat\/ceipfmacia-orrius\/wp-json\/wp\/v2\/types\/post"}],"author":[{"embeddable":true,"href":"https:\/\/agora.xtec.cat\/ceipfmacia-orrius\/wp-json\/wp\/v2\/users\/8"}],"replies":[{"embeddable":true,"href":"https:\/\/agora.xtec.cat\/ceipfmacia-orrius\/wp-json\/wp\/v2\/comments?post=3637"}],"version-history":[{"count":2,"href":"https:\/\/agora.xtec.cat\/ceipfmacia-orrius\/wp-json\/wp\/v2\/posts\/3637\/revisions"}],"predecessor-version":[{"id":3640,"href":"https:\/\/agora.xtec.cat\/ceipfmacia-orrius\/wp-json\/wp\/v2\/posts\/3637\/revisions\/3640"}],"wp:featuredmedia":[{"embeddable":true,"href":"https:\/\/agora.xtec.cat\/ceipfmacia-orrius\/wp-json\/wp\/v2\/media\/3638"}],"wp:attachment":[{"href":"https:\/\/agora.xtec.cat\/ceipfmacia-orrius\/wp-json\/wp\/v2\/media?parent=3637"}],"wp:term":[{"taxonomy":"category","embeddable":true,"href":"https:\/\/agora.xtec.cat\/ceipfmacia-orrius\/wp-json\/wp\/v2\/categories?post=3637"},{"taxonomy":"post_tag","embeddable":true,"href":"https:\/\/agora.xtec.cat\/ceipfmacia-orrius\/wp-json\/wp\/v2\/tags?post=3637"}],"curies":[{"name":"wp","href":"https:\/\/api.w.org\/{rel}","templated":true}]}}