{"id":3616,"date":"2024-01-12T10:38:15","date_gmt":"2024-01-12T09:38:15","guid":{"rendered":"https:\/\/agora.xtec.cat\/ceipfmacia-orrius\/?p=3616"},"modified":"2024-04-05T10:52:30","modified_gmt":"2024-04-05T08:52:30","slug":"programa-contra-el-bullying-fundacio-barca","status":"publish","type":"post","link":"https:\/\/agora.xtec.cat\/ceipfmacia-orrius\/portada\/programa-contra-el-bullying-fundacio-barca\/","title":{"rendered":"Programa contra el Bullying &#8211; Fundaci\u00f3 Bar\u00e7a"},"content":{"rendered":"<p>Fam\u00edlies!<\/p>\n<p>A l&#8217;escola estem participant en el <a href=\"https:\/\/fundacio.fcbarcelona.cat\/programa-contra-el-bullying-a-les-escoles\">Programa Contra el Bullying<\/a> de la Fundaci\u00f3 Bar\u00e7a.<\/p>\n<p>Durant el 1r trimestre, vam administrar uns q\u00fcestionaris an\u00f2nims a tots els alumnes de prim\u00e0ria per tal de fer una petita diagnosi en el nostre centre.<\/p>\n<p>Aquest 2n trimestre, i amb els resultats obtinguts, ens proposem fer una s\u00e8rie d&#8217;activitats a les \u00e0rees de tutoria, educaci\u00f3 f\u00edsica i art per treballar aspectes sobre el bullying.<\/p>\n<p>Us deixem uns recursos en format v\u00eddeo per tal que conegueu el que estem fent (cliqueu la imatge).<\/p>\n<p><a href=\"https:\/\/fundacio.fcbarcelona.cat\/videos-bullying-pares\"><img loading=\"lazy\" decoding=\"async\" class=\"aligncenter wp-image-3617 size-full\" src=\"https:\/\/agora.xtec.cat\/ceipfmacia-orrius\/wp-content\/uploads\/usu2067\/2024\/01\/cartell-barca.png\" alt=\"\" width=\"577\" height=\"811\" srcset=\"https:\/\/agora.xtec.cat\/ceipfmacia-orrius\/wp-content\/uploads\/usu2067\/2024\/01\/cartell-barca.png 577w, https:\/\/agora.xtec.cat\/ceipfmacia-orrius\/wp-content\/uploads\/usu2067\/2024\/01\/cartell-barca-213x300.png 213w\" sizes=\"auto, (max-width: 577px) 100vw, 577px\" \/><\/a><\/p>\n","protected":false},"excerpt":{"rendered":"<p>Fam\u00edlies!<br \/>\nA l&#8217;escola estem participant en el <a href=\"https:\/\/fundacio.fcbarcelona.cat\/programa-contra-el-bullying-a-les-escoles\">Programa Contra el Bullying<\/a> de la Fundaci\u00f3 Bar\u00e7a.<br \/>\nDurant el 1r trimestre, vam administrar uns q\u00fcestionaris an\u00f2nims a tots els alumnes de prim\u00e0ria per tal de fer una petita diagnosi en el nostre centre.<br \/>\nAquest 2n trimestre, i amb els&hellip;  <a href=\"https:\/\/agora.xtec.cat\/ceipfmacia-orrius\/portada\/programa-contra-el-bullying-fundacio-barca\/\" title=\"Read Programa contra el Bullying &#8211; Fundaci\u00f3 Bar\u00e7a\">Llegeix m\u00e9s\u00bb<\/a><\/p>\n","protected":false},"author":29,"featured_media":3570,"comment_status":"open","ping_status":"closed","sticky":false,"template":"","format":"standard","meta":{"_bbp_topic_count":0,"_bbp_reply_count":0,"_bbp_total_topic_count":0,"_bbp_total_reply_count":0,"_bbp_voice_count":0,"_bbp_anonymous_reply_count":0,"_bbp_topic_count_hidden":0,"_bbp_reply_count_hidden":0,"_bbp_forum_subforum_count":0,"footnotes":""},"categories":[134,4],"tags":[175],"class_list":["post-3616","post","type-post","status-publish","format-standard","has-post-thumbnail","hentry","category-espai-families","category-portada","tag-bullying"],"post_mailing_queue_ids":[],"_links":{"self":[{"href":"https:\/\/agora.xtec.cat\/ceipfmacia-orrius\/wp-json\/wp\/v2\/posts\/3616","targetHints":{"allow":["GET"]}}],"collection":[{"href":"https:\/\/agora.xtec.cat\/ceipfmacia-orrius\/wp-json\/wp\/v2\/posts"}],"about":[{"href":"https:\/\/agora.xtec.cat\/ceipfmacia-orrius\/wp-json\/wp\/v2\/types\/post"}],"author":[{"embeddable":true,"href":"https:\/\/agora.xtec.cat\/ceipfmacia-orrius\/wp-json\/wp\/v2\/users\/29"}],"replies":[{"embeddable":true,"href":"https:\/\/agora.xtec.cat\/ceipfmacia-orrius\/wp-json\/wp\/v2\/comments?post=3616"}],"version-history":[{"count":3,"href":"https:\/\/agora.xtec.cat\/ceipfmacia-orrius\/wp-json\/wp\/v2\/posts\/3616\/revisions"}],"predecessor-version":[{"id":3750,"href":"https:\/\/agora.xtec.cat\/ceipfmacia-orrius\/wp-json\/wp\/v2\/posts\/3616\/revisions\/3750"}],"wp:featuredmedia":[{"embeddable":true,"href":"https:\/\/agora.xtec.cat\/ceipfmacia-orrius\/wp-json\/wp\/v2\/media\/3570"}],"wp:attachment":[{"href":"https:\/\/agora.xtec.cat\/ceipfmacia-orrius\/wp-json\/wp\/v2\/media?parent=3616"}],"wp:term":[{"taxonomy":"category","embeddable":true,"href":"https:\/\/agora.xtec.cat\/ceipfmacia-orrius\/wp-json\/wp\/v2\/categories?post=3616"},{"taxonomy":"post_tag","embeddable":true,"href":"https:\/\/agora.xtec.cat\/ceipfmacia-orrius\/wp-json\/wp\/v2\/tags?post=3616"}],"curies":[{"name":"wp","href":"https:\/\/api.w.org\/{rel}","templated":true}]}}