{"id":3562,"date":"2023-12-11T14:45:29","date_gmt":"2023-12-11T13:45:29","guid":{"rendered":"https:\/\/agora.xtec.cat\/ceipfmacia-orrius\/?p=3562"},"modified":"2023-12-11T14:50:29","modified_gmt":"2023-12-11T13:50:29","slug":"anem-a-buscar-els-tions","status":"publish","type":"post","link":"https:\/\/agora.xtec.cat\/ceipfmacia-orrius\/general\/anem-a-buscar-els-tions\/","title":{"rendered":"ANEM A BUSCAR ELS TIONS"},"content":{"rendered":"<p>Avui dilluns 11 hem comen\u00e7at la setmana d&#8217;all\u00f2 m\u00e9s b\u00e9. El calendari d&#8217;Advent ens ha portat una not\u00edcia molt esperada: <strong>els dos tions de l&#8217;escola\u00a0 ja han arribat i s&#8217;han amagat pel cam\u00ed del pessebre d&#8217;\u00d2rrius!<\/strong> aix\u00ed ha estat com tots els infants de l&#8217;escola, des de l&#8217;escoleta fins a 6\u00e8 hem anat a cercar-los. Quina olor de Nadal que s&#8217;est\u00e0 sentint<\/p>\n<p><a href=\"https:\/\/drive.google.com\/drive\/folders\/1yJ-M7Ejfi6eHXtLScA2BA__J9in9_XwI?usp=sharing\">Aqu\u00ed <\/a>us deixem algunes de les imatges<\/p>\n","protected":false},"excerpt":{"rendered":"<p>Avui dilluns 11 hem comen\u00e7at la setmana d&#8217;all\u00f2 m\u00e9s b\u00e9. El calendari d&#8217;Advent ens ha portat una not\u00edcia molt esperada: els dos tions de l&#8217;escola\u00a0 ja han arribat i s&#8217;han amagat pel cam\u00ed del pessebre d&#8217;\u00d2rrius! aix\u00ed ha estat com tots els infants de l&#8217;escola,&hellip;  <a href=\"https:\/\/agora.xtec.cat\/ceipfmacia-orrius\/general\/anem-a-buscar-els-tions\/\" title=\"Read ANEM A BUSCAR ELS TIONS\">Llegeix m\u00e9s\u00bb<\/a><\/p>\n","protected":false},"author":39,"featured_media":3563,"comment_status":"open","ping_status":"closed","sticky":false,"template":"","format":"standard","meta":{"_bbp_topic_count":0,"_bbp_reply_count":0,"_bbp_total_topic_count":0,"_bbp_total_reply_count":0,"_bbp_voice_count":0,"_bbp_anonymous_reply_count":0,"_bbp_topic_count_hidden":0,"_bbp_reply_count_hidden":0,"_bbp_forum_subforum_count":0,"footnotes":""},"categories":[1,4],"tags":[],"class_list":["post-3562","post","type-post","status-publish","format-standard","has-post-thumbnail","hentry","category-general","category-portada"],"post_mailing_queue_ids":[],"_links":{"self":[{"href":"https:\/\/agora.xtec.cat\/ceipfmacia-orrius\/wp-json\/wp\/v2\/posts\/3562","targetHints":{"allow":["GET"]}}],"collection":[{"href":"https:\/\/agora.xtec.cat\/ceipfmacia-orrius\/wp-json\/wp\/v2\/posts"}],"about":[{"href":"https:\/\/agora.xtec.cat\/ceipfmacia-orrius\/wp-json\/wp\/v2\/types\/post"}],"author":[{"embeddable":true,"href":"https:\/\/agora.xtec.cat\/ceipfmacia-orrius\/wp-json\/wp\/v2\/users\/39"}],"replies":[{"embeddable":true,"href":"https:\/\/agora.xtec.cat\/ceipfmacia-orrius\/wp-json\/wp\/v2\/comments?post=3562"}],"version-history":[{"count":3,"href":"https:\/\/agora.xtec.cat\/ceipfmacia-orrius\/wp-json\/wp\/v2\/posts\/3562\/revisions"}],"predecessor-version":[{"id":3569,"href":"https:\/\/agora.xtec.cat\/ceipfmacia-orrius\/wp-json\/wp\/v2\/posts\/3562\/revisions\/3569"}],"wp:featuredmedia":[{"embeddable":true,"href":"https:\/\/agora.xtec.cat\/ceipfmacia-orrius\/wp-json\/wp\/v2\/media\/3563"}],"wp:attachment":[{"href":"https:\/\/agora.xtec.cat\/ceipfmacia-orrius\/wp-json\/wp\/v2\/media?parent=3562"}],"wp:term":[{"taxonomy":"category","embeddable":true,"href":"https:\/\/agora.xtec.cat\/ceipfmacia-orrius\/wp-json\/wp\/v2\/categories?post=3562"},{"taxonomy":"post_tag","embeddable":true,"href":"https:\/\/agora.xtec.cat\/ceipfmacia-orrius\/wp-json\/wp\/v2\/tags?post=3562"}],"curies":[{"name":"wp","href":"https:\/\/api.w.org\/{rel}","templated":true}]}}