{"id":3558,"date":"2023-11-27T15:19:29","date_gmt":"2023-11-27T14:19:29","guid":{"rendered":"https:\/\/agora.xtec.cat\/ceipfmacia-orrius\/?p=3558"},"modified":"2023-11-27T15:19:57","modified_gmt":"2023-11-27T14:19:57","slug":"santa-cecilia23","status":"publish","type":"post","link":"https:\/\/agora.xtec.cat\/ceipfmacia-orrius\/general\/santa-cecilia23\/","title":{"rendered":"SANTA CEC\u00cdLIA&#8217;23"},"content":{"rendered":"<p>El passat dimecres 22 de novembre l&#8217;escola va gaudir del dia de la m\u00fasica, celebrant Santa Cec\u00edlia, on els alumnes de l&#8217;escola van poder gaudir al llarg de tota la tarda de les propostes musicals que els voluntaris a col.laborar a la festa ens van oferir. Molt\u00edssimes gr\u00e0cies per la vostra col.laboraci\u00f3. I <a href=\"https:\/\/drive.google.com\/file\/d\/1zDX3vlrBmNWgZfJQgzGA27XEpbi_ioWs\/view?usp=drive_link\">aqu\u00ed<\/a> teniu un petit resum de la tarda.<\/p>\n","protected":false},"excerpt":{"rendered":"<p>El passat dimecres 22 de novembre l&#8217;escola va gaudir del dia de la m\u00fasica, celebrant Santa Cec\u00edlia, on els alumnes de l&#8217;escola van poder gaudir al llarg de tota la tarda de les propostes musicals que els voluntaris a col.laborar a la festa ens van&hellip;  <a href=\"https:\/\/agora.xtec.cat\/ceipfmacia-orrius\/general\/santa-cecilia23\/\" title=\"Read SANTA CEC\u00cdLIA&#8217;23\">Llegeix m\u00e9s\u00bb<\/a><\/p>\n","protected":false},"author":1,"featured_media":3559,"comment_status":"open","ping_status":"closed","sticky":false,"template":"","format":"standard","meta":{"_bbp_topic_count":0,"_bbp_reply_count":0,"_bbp_total_topic_count":0,"_bbp_total_reply_count":0,"_bbp_voice_count":0,"_bbp_anonymous_reply_count":0,"_bbp_topic_count_hidden":0,"_bbp_reply_count_hidden":0,"_bbp_forum_subforum_count":0,"footnotes":""},"categories":[1,4],"tags":[],"class_list":["post-3558","post","type-post","status-publish","format-standard","has-post-thumbnail","hentry","category-general","category-portada"],"post_mailing_queue_ids":[],"_links":{"self":[{"href":"https:\/\/agora.xtec.cat\/ceipfmacia-orrius\/wp-json\/wp\/v2\/posts\/3558","targetHints":{"allow":["GET"]}}],"collection":[{"href":"https:\/\/agora.xtec.cat\/ceipfmacia-orrius\/wp-json\/wp\/v2\/posts"}],"about":[{"href":"https:\/\/agora.xtec.cat\/ceipfmacia-orrius\/wp-json\/wp\/v2\/types\/post"}],"author":[{"embeddable":true,"href":"https:\/\/agora.xtec.cat\/ceipfmacia-orrius\/wp-json\/wp\/v2\/users\/1"}],"replies":[{"embeddable":true,"href":"https:\/\/agora.xtec.cat\/ceipfmacia-orrius\/wp-json\/wp\/v2\/comments?post=3558"}],"version-history":[{"count":1,"href":"https:\/\/agora.xtec.cat\/ceipfmacia-orrius\/wp-json\/wp\/v2\/posts\/3558\/revisions"}],"predecessor-version":[{"id":3560,"href":"https:\/\/agora.xtec.cat\/ceipfmacia-orrius\/wp-json\/wp\/v2\/posts\/3558\/revisions\/3560"}],"wp:featuredmedia":[{"embeddable":true,"href":"https:\/\/agora.xtec.cat\/ceipfmacia-orrius\/wp-json\/wp\/v2\/media\/3559"}],"wp:attachment":[{"href":"https:\/\/agora.xtec.cat\/ceipfmacia-orrius\/wp-json\/wp\/v2\/media?parent=3558"}],"wp:term":[{"taxonomy":"category","embeddable":true,"href":"https:\/\/agora.xtec.cat\/ceipfmacia-orrius\/wp-json\/wp\/v2\/categories?post=3558"},{"taxonomy":"post_tag","embeddable":true,"href":"https:\/\/agora.xtec.cat\/ceipfmacia-orrius\/wp-json\/wp\/v2\/tags?post=3558"}],"curies":[{"name":"wp","href":"https:\/\/api.w.org\/{rel}","templated":true}]}}