{"id":3522,"date":"2023-11-10T15:59:15","date_gmt":"2023-11-10T14:59:15","guid":{"rendered":"https:\/\/agora.xtec.cat\/ceipfmacia-orrius\/?p=3522"},"modified":"2023-11-13T10:58:09","modified_gmt":"2023-11-13T09:58:09","slug":"sortida-al-castanyer","status":"publish","type":"post","link":"https:\/\/agora.xtec.cat\/ceipfmacia-orrius\/infantil\/sortida-al-castanyer\/","title":{"rendered":"SORTIDA AL CASTANYER"},"content":{"rendered":"<p>El 10 de novembre els nens i nenes d infantil 3,4 i 5, hem anat a veure el castanyer. Hem observat aquest arbre, despr\u00e9s hem fet un dibuix amb ceres i hem recollit fulles per tenir una mostra i posar-ho al nostre herbari.<\/p>\n<p><span style=\"font-family: inherit; font-size: 1em;\">Ha estat un mat\u00ed molt profit\u00f3s i hem gaudit molt\u00edssim!<\/span><\/p>\n<p><a href=\"https:\/\/drive.google.com\/drive\/folders\/1DUic4RsPfkT4eTApswxMawBHvN9Ay1H4?usp=sharing\">Aqu\u00ed<\/a> teniu una mostra dels moments viscuts.<\/p>\n","protected":false},"excerpt":{"rendered":"<p>El 10 de novembre els nens i nenes d infantil 3,4 i 5, hem anat a veure el castanyer. Hem observat aquest arbre, despr\u00e9s hem fet un dibuix amb ceres i hem recollit fulles per tenir una mostra i posar-ho al nostre herbari.<br \/>\nHa estat un&hellip;  <a href=\"https:\/\/agora.xtec.cat\/ceipfmacia-orrius\/infantil\/sortida-al-castanyer\/\" title=\"Read SORTIDA AL CASTANYER\">Llegeix m\u00e9s\u00bb<\/a><\/p>\n","protected":false},"author":1,"featured_media":3523,"comment_status":"open","ping_status":"closed","sticky":false,"template":"","format":"standard","meta":{"_bbp_topic_count":0,"_bbp_reply_count":0,"_bbp_total_topic_count":0,"_bbp_total_reply_count":0,"_bbp_voice_count":0,"_bbp_anonymous_reply_count":0,"_bbp_topic_count_hidden":0,"_bbp_reply_count_hidden":0,"_bbp_forum_subforum_count":0,"footnotes":""},"categories":[2,4],"tags":[],"class_list":["post-3522","post","type-post","status-publish","format-standard","has-post-thumbnail","hentry","category-infantil","category-portada"],"post_mailing_queue_ids":[],"_links":{"self":[{"href":"https:\/\/agora.xtec.cat\/ceipfmacia-orrius\/wp-json\/wp\/v2\/posts\/3522","targetHints":{"allow":["GET"]}}],"collection":[{"href":"https:\/\/agora.xtec.cat\/ceipfmacia-orrius\/wp-json\/wp\/v2\/posts"}],"about":[{"href":"https:\/\/agora.xtec.cat\/ceipfmacia-orrius\/wp-json\/wp\/v2\/types\/post"}],"author":[{"embeddable":true,"href":"https:\/\/agora.xtec.cat\/ceipfmacia-orrius\/wp-json\/wp\/v2\/users\/1"}],"replies":[{"embeddable":true,"href":"https:\/\/agora.xtec.cat\/ceipfmacia-orrius\/wp-json\/wp\/v2\/comments?post=3522"}],"version-history":[{"count":1,"href":"https:\/\/agora.xtec.cat\/ceipfmacia-orrius\/wp-json\/wp\/v2\/posts\/3522\/revisions"}],"predecessor-version":[{"id":3524,"href":"https:\/\/agora.xtec.cat\/ceipfmacia-orrius\/wp-json\/wp\/v2\/posts\/3522\/revisions\/3524"}],"wp:featuredmedia":[{"embeddable":true,"href":"https:\/\/agora.xtec.cat\/ceipfmacia-orrius\/wp-json\/wp\/v2\/media\/3523"}],"wp:attachment":[{"href":"https:\/\/agora.xtec.cat\/ceipfmacia-orrius\/wp-json\/wp\/v2\/media?parent=3522"}],"wp:term":[{"taxonomy":"category","embeddable":true,"href":"https:\/\/agora.xtec.cat\/ceipfmacia-orrius\/wp-json\/wp\/v2\/categories?post=3522"},{"taxonomy":"post_tag","embeddable":true,"href":"https:\/\/agora.xtec.cat\/ceipfmacia-orrius\/wp-json\/wp\/v2\/tags?post=3522"}],"curies":[{"name":"wp","href":"https:\/\/api.w.org\/{rel}","templated":true}]}}