{"id":3517,"date":"2023-11-10T15:37:13","date_gmt":"2023-11-10T14:37:13","guid":{"rendered":"https:\/\/agora.xtec.cat\/ceipfmacia-orrius\/?p=3517"},"modified":"2023-11-10T15:38:10","modified_gmt":"2023-11-10T14:38:10","slug":"1a-jornada-de-mobilitat-sostenible-dorrius","status":"publish","type":"post","link":"https:\/\/agora.xtec.cat\/ceipfmacia-orrius\/general\/1a-jornada-de-mobilitat-sostenible-dorrius\/","title":{"rendered":"1a JORNADA DE MOBILITAT SOSTENIBLE D&#8217;\u00d2RRIUS"},"content":{"rendered":"<p>El passat dijous dia 9 de novembre es va celebrar a l&#8217;escola la <strong>1a Jornada de Mobilitat SostenIble<\/strong> promocionada per la <strong>Comissi\u00f3 de Camins Segurs de l&#8217;Escola<\/strong>. Les fam\u00edlies de l&#8217;escola van deixar de banda el cotxe aquell dia per portar els seus infants a classe i van seguir una gimcana tot seguint un itinerari segur i sostenible per arribar a l&#8217;escola.<\/p>\n<p>El resultat va ser tot un \u00e8xit!!! Moltes gr\u00e0cies per la vostra participaci\u00f3.<\/p>\n<p><a href=\"https:\/\/drive.google.com\/drive\/folders\/1_nh_K7ggcq5KBmFYJWR_yGArkfSxehGN?usp=drive_link\">Aqu\u00ed<\/a> teniu algunes de les imatges de l&#8217;activitat<\/p>\n","protected":false},"excerpt":{"rendered":"<p>El passat dijous dia 9 de novembre es va celebrar a l&#8217;escola la 1a Jornada de Mobilitat SostenIble promocionada per la Comissi\u00f3 de Camins Segurs de l&#8217;Escola. Les fam\u00edlies de l&#8217;escola van deixar de banda el cotxe aquell dia per portar els seus infants a&hellip;  <a href=\"https:\/\/agora.xtec.cat\/ceipfmacia-orrius\/general\/1a-jornada-de-mobilitat-sostenible-dorrius\/\" title=\"Read 1a JORNADA DE MOBILITAT SOSTENIBLE D&#8217;\u00d2RRIUS\">Llegeix m\u00e9s\u00bb<\/a><\/p>\n","protected":false},"author":1,"featured_media":3520,"comment_status":"open","ping_status":"closed","sticky":false,"template":"","format":"standard","meta":{"_bbp_topic_count":0,"_bbp_reply_count":0,"_bbp_total_topic_count":0,"_bbp_total_reply_count":0,"_bbp_voice_count":0,"_bbp_anonymous_reply_count":0,"_bbp_topic_count_hidden":0,"_bbp_reply_count_hidden":0,"_bbp_forum_subforum_count":0,"footnotes":""},"categories":[1,4],"tags":[],"class_list":["post-3517","post","type-post","status-publish","format-standard","has-post-thumbnail","hentry","category-general","category-portada"],"post_mailing_queue_ids":[],"_links":{"self":[{"href":"https:\/\/agora.xtec.cat\/ceipfmacia-orrius\/wp-json\/wp\/v2\/posts\/3517","targetHints":{"allow":["GET"]}}],"collection":[{"href":"https:\/\/agora.xtec.cat\/ceipfmacia-orrius\/wp-json\/wp\/v2\/posts"}],"about":[{"href":"https:\/\/agora.xtec.cat\/ceipfmacia-orrius\/wp-json\/wp\/v2\/types\/post"}],"author":[{"embeddable":true,"href":"https:\/\/agora.xtec.cat\/ceipfmacia-orrius\/wp-json\/wp\/v2\/users\/1"}],"replies":[{"embeddable":true,"href":"https:\/\/agora.xtec.cat\/ceipfmacia-orrius\/wp-json\/wp\/v2\/comments?post=3517"}],"version-history":[{"count":1,"href":"https:\/\/agora.xtec.cat\/ceipfmacia-orrius\/wp-json\/wp\/v2\/posts\/3517\/revisions"}],"predecessor-version":[{"id":3521,"href":"https:\/\/agora.xtec.cat\/ceipfmacia-orrius\/wp-json\/wp\/v2\/posts\/3517\/revisions\/3521"}],"wp:featuredmedia":[{"embeddable":true,"href":"https:\/\/agora.xtec.cat\/ceipfmacia-orrius\/wp-json\/wp\/v2\/media\/3520"}],"wp:attachment":[{"href":"https:\/\/agora.xtec.cat\/ceipfmacia-orrius\/wp-json\/wp\/v2\/media?parent=3517"}],"wp:term":[{"taxonomy":"category","embeddable":true,"href":"https:\/\/agora.xtec.cat\/ceipfmacia-orrius\/wp-json\/wp\/v2\/categories?post=3517"},{"taxonomy":"post_tag","embeddable":true,"href":"https:\/\/agora.xtec.cat\/ceipfmacia-orrius\/wp-json\/wp\/v2\/tags?post=3517"}],"curies":[{"name":"wp","href":"https:\/\/api.w.org\/{rel}","templated":true}]}}