{"id":3488,"date":"2023-10-10T15:35:12","date_gmt":"2023-10-10T13:35:12","guid":{"rendered":"https:\/\/agora.xtec.cat\/ceipfmacia-orrius\/?p=3488"},"modified":"2023-10-18T15:12:40","modified_gmt":"2023-10-18T13:12:40","slug":"nous-curs-a-lescoleta","status":"publish","type":"post","link":"https:\/\/agora.xtec.cat\/ceipfmacia-orrius\/general\/nous-curs-a-lescoleta\/","title":{"rendered":"NOUS CURS A L&#8217;ESCOLETA"},"content":{"rendered":"<p>El mes de setembre, amb ell arriba el proc\u00e9s d&#8217;adaptaci\u00f3. No \u00e9s un mes f\u00e0cil ja que cada infant \u00e9s un m\u00f3n i necessita el seu temps i ritme per adaptar-se.<\/p>\n<p>L&#8217;adaptaci\u00f3 \u00e9s un proc\u00e9s de molts aprenentatges:\u00a0 Els nenes i nenes s&#8217;estan adaptant a un nou espai,\u00a0 toca separar-se de la fam\u00edlia i retrobar-se amb els seus referents dins l&#8217;escola. A vegades tamb\u00e9 han de con\u00e8ixer noves mestres que es convertiran tamb\u00e9 en referents i con\u00e8ixer nous companys i companyes amb qui creixeran junts.\u00a0 Tamb\u00e9 \u00e9s el moment de rebrotar-se amb els amics despr\u00e9s de les vacances d&#8217;estiu.<\/p>\n<p>Respectant sempre els diferents ritmes de cadasc\u00fa aquestes primeres setmanes de curs hem tingut una molt bona adaptaci\u00f3 on hem gaudit molt jugant, compartint, experimentant i de mica en mica estem adquirint molt b\u00e9 les rutines del dia a dia a l&#8217;escoleta.<\/p>\n<p><a href=\"https:\/\/drive.google.com\/drive\/folders\/1KJk2QWLImva-U3q8H3VR43RU1onr0yeQ?usp=sharing\">Aqu\u00ed<\/a> teniu una petita mostra d&#8217;aquests primers dies<\/p>\n<p>&nbsp;<\/p>\n<p>&nbsp;<\/p>\n","protected":false},"excerpt":{"rendered":"<p>Adaptaci\u00f3&hellip;  <a href=\"https:\/\/agora.xtec.cat\/ceipfmacia-orrius\/general\/nous-curs-a-lescoleta\/\" title=\"Read NOUS CURS A L&#8217;ESCOLETA\">Llegeix m\u00e9s\u00bb<\/a><\/p>\n","protected":false},"author":45,"featured_media":3495,"comment_status":"open","ping_status":"closed","sticky":false,"template":"","format":"standard","meta":{"_bbp_topic_count":0,"_bbp_reply_count":0,"_bbp_total_topic_count":0,"_bbp_total_reply_count":0,"_bbp_voice_count":0,"_bbp_anonymous_reply_count":0,"_bbp_topic_count_hidden":0,"_bbp_reply_count_hidden":0,"_bbp_forum_subforum_count":0,"footnotes":""},"categories":[170,1,4],"tags":[],"class_list":["post-3488","post","type-post","status-publish","format-standard","has-post-thumbnail","hentry","category-escoleta","category-general","category-portada"],"post_mailing_queue_ids":[],"_links":{"self":[{"href":"https:\/\/agora.xtec.cat\/ceipfmacia-orrius\/wp-json\/wp\/v2\/posts\/3488","targetHints":{"allow":["GET"]}}],"collection":[{"href":"https:\/\/agora.xtec.cat\/ceipfmacia-orrius\/wp-json\/wp\/v2\/posts"}],"about":[{"href":"https:\/\/agora.xtec.cat\/ceipfmacia-orrius\/wp-json\/wp\/v2\/types\/post"}],"author":[{"embeddable":true,"href":"https:\/\/agora.xtec.cat\/ceipfmacia-orrius\/wp-json\/wp\/v2\/users\/45"}],"replies":[{"embeddable":true,"href":"https:\/\/agora.xtec.cat\/ceipfmacia-orrius\/wp-json\/wp\/v2\/comments?post=3488"}],"version-history":[{"count":5,"href":"https:\/\/agora.xtec.cat\/ceipfmacia-orrius\/wp-json\/wp\/v2\/posts\/3488\/revisions"}],"predecessor-version":[{"id":3500,"href":"https:\/\/agora.xtec.cat\/ceipfmacia-orrius\/wp-json\/wp\/v2\/posts\/3488\/revisions\/3500"}],"wp:featuredmedia":[{"embeddable":true,"href":"https:\/\/agora.xtec.cat\/ceipfmacia-orrius\/wp-json\/wp\/v2\/media\/3495"}],"wp:attachment":[{"href":"https:\/\/agora.xtec.cat\/ceipfmacia-orrius\/wp-json\/wp\/v2\/media?parent=3488"}],"wp:term":[{"taxonomy":"category","embeddable":true,"href":"https:\/\/agora.xtec.cat\/ceipfmacia-orrius\/wp-json\/wp\/v2\/categories?post=3488"},{"taxonomy":"post_tag","embeddable":true,"href":"https:\/\/agora.xtec.cat\/ceipfmacia-orrius\/wp-json\/wp\/v2\/tags?post=3488"}],"curies":[{"name":"wp","href":"https:\/\/api.w.org\/{rel}","templated":true}]}}