{"id":3485,"date":"2023-09-25T13:51:47","date_gmt":"2023-09-25T11:51:47","guid":{"rendered":"https:\/\/agora.xtec.cat\/ceipfmacia-orrius\/?p=3485"},"modified":"2023-09-25T13:52:25","modified_gmt":"2023-09-25T11:52:25","slug":"reunio-inici-de-curs-23-24","status":"publish","type":"post","link":"https:\/\/agora.xtec.cat\/ceipfmacia-orrius\/general\/reunio-inici-de-curs-23-24\/","title":{"rendered":"REUNI\u00d3 INICI DE CURS 23\/24"},"content":{"rendered":"<p>Benvulgudes fam\u00edlies, aqu\u00ed us deixem l&#8217;enlla\u00e7 a la presentaci\u00f3 en <a href=\"https:\/\/www.canva.com\/design\/DAFt2GNNEgk\/J4xkdIEd7-8Bx6DiyOo6Zg\/view?utm_content=DAFt2GNNEgk&amp;utm_campaign=designshare&amp;utm_medium=link&amp;utm_source=publishsharelink\">Canva de la reuni\u00f3 General de Fam\u00edlies 23\/24\u00a0 <\/a>que va tenir lloc el passat dimecres dia 20 de setembre.<\/p>\n<p>Us recordem les dates de les reunion d&#8217;aula:<\/p>\n<p>Ed Infantil (I3, I4, I5): dijous, 5 d&#8217;octubre<\/p>\n<p>Cicle Inicial (1r, 2n): dimarts, 3 d&#8217;octubre<\/p>\n<p>Cicle Mitj\u00e0 (3r i 4t): dimecres, 4 d&#8217;octubre.<\/p>\n<p>Cicle Superior: dijous, 28 de setembre.<\/p>\n<p>Totes les reunions es faran a les 16:30 a les aules corresponents de cada cicle.<\/p>\n<p>La reuni\u00f3 d&#8217;Escoleta ser\u00e0 m\u00e9s endavant i ja us informarem de les dates.<\/p>\n<p>&nbsp;<\/p>\n","protected":false},"excerpt":{"rendered":"<p>Benvulgudes fam\u00edlies, aqu\u00ed us deixem l&#8217;enlla\u00e7 a la presentaci\u00f3 en <a href=\"https:\/\/www.canva.com\/design\/DAFt2GNNEgk\/J4xkdIEd7-8Bx6DiyOo6Zg\/view?utm_content=DAFt2GNNEgk&amp;utm_campaign=designshare&amp;utm_medium=link&amp;utm_source=publishsharelink\">Canva de la reuni\u00f3 General de Fam\u00edlies 23\/24\u00a0 <\/a>que va tenir lloc el passat dimecres dia 20 de setembre.<br \/>\nUs recordem les dates de les reunion d&#8217;aula:<br \/>\nEd Infantil (I3, I4, I5): dijous, 5 d&#8217;octubre<br \/>\nCicle Inicial&hellip;  <a href=\"https:\/\/agora.xtec.cat\/ceipfmacia-orrius\/general\/reunio-inici-de-curs-23-24\/\" title=\"Read REUNI\u00d3 INICI DE CURS 23\/24\">Llegeix m\u00e9s\u00bb<\/a><\/p>\n","protected":false},"author":1,"featured_media":3486,"comment_status":"open","ping_status":"closed","sticky":false,"template":"","format":"standard","meta":{"_bbp_topic_count":0,"_bbp_reply_count":0,"_bbp_total_topic_count":0,"_bbp_total_reply_count":0,"_bbp_voice_count":0,"_bbp_anonymous_reply_count":0,"_bbp_topic_count_hidden":0,"_bbp_reply_count_hidden":0,"_bbp_forum_subforum_count":0,"footnotes":""},"categories":[1,4],"tags":[],"class_list":["post-3485","post","type-post","status-publish","format-standard","has-post-thumbnail","hentry","category-general","category-portada"],"post_mailing_queue_ids":[],"_links":{"self":[{"href":"https:\/\/agora.xtec.cat\/ceipfmacia-orrius\/wp-json\/wp\/v2\/posts\/3485","targetHints":{"allow":["GET"]}}],"collection":[{"href":"https:\/\/agora.xtec.cat\/ceipfmacia-orrius\/wp-json\/wp\/v2\/posts"}],"about":[{"href":"https:\/\/agora.xtec.cat\/ceipfmacia-orrius\/wp-json\/wp\/v2\/types\/post"}],"author":[{"embeddable":true,"href":"https:\/\/agora.xtec.cat\/ceipfmacia-orrius\/wp-json\/wp\/v2\/users\/1"}],"replies":[{"embeddable":true,"href":"https:\/\/agora.xtec.cat\/ceipfmacia-orrius\/wp-json\/wp\/v2\/comments?post=3485"}],"version-history":[{"count":1,"href":"https:\/\/agora.xtec.cat\/ceipfmacia-orrius\/wp-json\/wp\/v2\/posts\/3485\/revisions"}],"predecessor-version":[{"id":3487,"href":"https:\/\/agora.xtec.cat\/ceipfmacia-orrius\/wp-json\/wp\/v2\/posts\/3485\/revisions\/3487"}],"wp:featuredmedia":[{"embeddable":true,"href":"https:\/\/agora.xtec.cat\/ceipfmacia-orrius\/wp-json\/wp\/v2\/media\/3486"}],"wp:attachment":[{"href":"https:\/\/agora.xtec.cat\/ceipfmacia-orrius\/wp-json\/wp\/v2\/media?parent=3485"}],"wp:term":[{"taxonomy":"category","embeddable":true,"href":"https:\/\/agora.xtec.cat\/ceipfmacia-orrius\/wp-json\/wp\/v2\/categories?post=3485"},{"taxonomy":"post_tag","embeddable":true,"href":"https:\/\/agora.xtec.cat\/ceipfmacia-orrius\/wp-json\/wp\/v2\/tags?post=3485"}],"curies":[{"name":"wp","href":"https:\/\/api.w.org\/{rel}","templated":true}]}}