{"id":3416,"date":"2023-04-21T17:11:50","date_gmt":"2023-04-21T15:11:50","guid":{"rendered":"https:\/\/agora.xtec.cat\/ceipfmacia-orrius\/?p=3416"},"modified":"2023-07-29T13:42:01","modified_gmt":"2023-07-29T11:42:01","slug":"protagonista-de-la-setmana-el-simo","status":"publish","type":"post","link":"https:\/\/agora.xtec.cat\/ceipfmacia-orrius\/infantil\/maons\/protagonista-de-la-setmana-el-simo\/","title":{"rendered":"Protagonista de la setmana: el Sim\u00f3!"},"content":{"rendered":"<p>Aquesta setmana el nostre protagonista ha estat el Sim\u00f3 d&#8217;I5! En Sim\u00f3 ens ha portat la seva caixa dels tresors per compartir-la amb nosaltres i muntar el seu rac\u00f3! Avui divendres els seus pares, la Montse i el Ra\u00fcl, han vingut a l&#8217;escola per compartir la tarda amb nosaltres i explicar-nos com \u00e9s la seva feina! Els pares del Sim\u00f3 ens han proposat una activitat que ens ha agradat molt! Hem apr\u00e8s a reformar una casa, comen\u00e7ant per la fa\u00e7ana i acabant per l&#8217;interior! Hem estat molt creatius i ens han quedat molt maques!! Moltes gr\u00e0cies pares i Sim\u00f3, ens ha encantat aquesta activitat! Aqu\u00ed teniu <a href=\"https:\/\/drive.google.com\/drive\/folders\/1vW_CKM6L6mOErtrU1BTd4nYRASsX3LUJ?usp=sharing\">l&#8217;enlla\u00e7<\/a> a les fotos!<\/p>\n<p>&nbsp;<\/p>\n","protected":false},"excerpt":{"rendered":"<p>Aquesta setmana el nostre protagonista ha estat el Sim\u00f3 d&#8217;I5! En Sim\u00f3 ens ha portat la seva caixa dels tresors per compartir-la amb nosaltres i muntar el seu rac\u00f3! Avui divendres els seus pares, la Montse i el Ra\u00fcl, han vingut a l&#8217;escola per compartir&hellip;  <a href=\"https:\/\/agora.xtec.cat\/ceipfmacia-orrius\/infantil\/maons\/protagonista-de-la-setmana-el-simo\/\" title=\"Read Protagonista de la setmana: el Sim\u00f3!\">Llegeix m\u00e9s\u00bb<\/a><\/p>\n","protected":false},"author":17,"featured_media":3444,"comment_status":"open","ping_status":"closed","sticky":false,"template":"","format":"standard","meta":{"_bbp_topic_count":0,"_bbp_reply_count":0,"_bbp_total_topic_count":0,"_bbp_total_reply_count":0,"_bbp_voice_count":0,"_bbp_anonymous_reply_count":0,"_bbp_topic_count_hidden":0,"_bbp_reply_count_hidden":0,"_bbp_forum_subforum_count":0,"footnotes":""},"categories":[3],"tags":[],"class_list":["post-3416","post","type-post","status-publish","format-standard","has-post-thumbnail","hentry","category-maons"],"post_mailing_queue_ids":[],"_links":{"self":[{"href":"https:\/\/agora.xtec.cat\/ceipfmacia-orrius\/wp-json\/wp\/v2\/posts\/3416","targetHints":{"allow":["GET"]}}],"collection":[{"href":"https:\/\/agora.xtec.cat\/ceipfmacia-orrius\/wp-json\/wp\/v2\/posts"}],"about":[{"href":"https:\/\/agora.xtec.cat\/ceipfmacia-orrius\/wp-json\/wp\/v2\/types\/post"}],"author":[{"embeddable":true,"href":"https:\/\/agora.xtec.cat\/ceipfmacia-orrius\/wp-json\/wp\/v2\/users\/17"}],"replies":[{"embeddable":true,"href":"https:\/\/agora.xtec.cat\/ceipfmacia-orrius\/wp-json\/wp\/v2\/comments?post=3416"}],"version-history":[{"count":1,"href":"https:\/\/agora.xtec.cat\/ceipfmacia-orrius\/wp-json\/wp\/v2\/posts\/3416\/revisions"}],"predecessor-version":[{"id":3418,"href":"https:\/\/agora.xtec.cat\/ceipfmacia-orrius\/wp-json\/wp\/v2\/posts\/3416\/revisions\/3418"}],"wp:featuredmedia":[{"embeddable":true,"href":"https:\/\/agora.xtec.cat\/ceipfmacia-orrius\/wp-json\/wp\/v2\/media\/3444"}],"wp:attachment":[{"href":"https:\/\/agora.xtec.cat\/ceipfmacia-orrius\/wp-json\/wp\/v2\/media?parent=3416"}],"wp:term":[{"taxonomy":"category","embeddable":true,"href":"https:\/\/agora.xtec.cat\/ceipfmacia-orrius\/wp-json\/wp\/v2\/categories?post=3416"},{"taxonomy":"post_tag","embeddable":true,"href":"https:\/\/agora.xtec.cat\/ceipfmacia-orrius\/wp-json\/wp\/v2\/tags?post=3416"}],"curies":[{"name":"wp","href":"https:\/\/api.w.org\/{rel}","templated":true}]}}