{"id":3412,"date":"2023-05-12T17:10:07","date_gmt":"2023-05-12T15:10:07","guid":{"rendered":"https:\/\/agora.xtec.cat\/ceipfmacia-orrius\/?p=3412"},"modified":"2023-07-29T13:32:48","modified_gmt":"2023-07-29T11:32:48","slug":"protagonista-de-la-setmana-la-mar","status":"publish","type":"post","link":"https:\/\/agora.xtec.cat\/ceipfmacia-orrius\/infantil\/maons\/protagonista-de-la-setmana-la-mar\/","title":{"rendered":"Protagonista de la setmana: la Mar!"},"content":{"rendered":"<p>Aquesta setmana la Mar d&#8217;I5 ha estat la nostra protagonista! La Mar ens ha portat la seva caixa dels tresors per muntar el seu rac\u00f3 i compartir-lo amb tots nosaltres! Avui divendres els seus pares, el David i la Clara han vingut a la classe per parlar-nos de la seva feina. La mare ens ha preparat unes actvitats molt divertides i relaxants! Hem apr\u00e8s a fer-nos massatges i a fer meditaci\u00f3!! Moltes gr\u00e0cies pares i Mar! Ha estat una tarda ben entretinguda i ens ha encantat!<\/p>\n<p>En aquest <a href=\"https:\/\/drive.google.com\/drive\/folders\/1azZoxEbSogGh-hhXSlfxHGY8pQclLVAV?usp=sharing\">enlla\u00e7<\/a> hi teniu les fotos!<\/p>\n","protected":false},"excerpt":{"rendered":"<p>Aquesta setmana la Mar d&#8217;I5 ha estat la nostra protagonista! La Mar ens ha portat la seva caixa dels tresors per muntar el seu rac\u00f3 i compartir-lo amb tots nosaltres! Avui divendres els seus pares, el David i la Clara han vingut a la classe&hellip;  <a href=\"https:\/\/agora.xtec.cat\/ceipfmacia-orrius\/infantil\/maons\/protagonista-de-la-setmana-la-mar\/\" title=\"Read Protagonista de la setmana: la Mar!\">Llegeix m\u00e9s\u00bb<\/a><\/p>\n","protected":false},"author":17,"featured_media":3443,"comment_status":"open","ping_status":"closed","sticky":false,"template":"","format":"standard","meta":{"_bbp_topic_count":0,"_bbp_reply_count":0,"_bbp_total_topic_count":0,"_bbp_total_reply_count":0,"_bbp_voice_count":0,"_bbp_anonymous_reply_count":0,"_bbp_topic_count_hidden":0,"_bbp_reply_count_hidden":0,"_bbp_forum_subforum_count":0,"footnotes":""},"categories":[3],"tags":[],"class_list":["post-3412","post","type-post","status-publish","format-standard","has-post-thumbnail","hentry","category-maons"],"post_mailing_queue_ids":[],"_links":{"self":[{"href":"https:\/\/agora.xtec.cat\/ceipfmacia-orrius\/wp-json\/wp\/v2\/posts\/3412","targetHints":{"allow":["GET"]}}],"collection":[{"href":"https:\/\/agora.xtec.cat\/ceipfmacia-orrius\/wp-json\/wp\/v2\/posts"}],"about":[{"href":"https:\/\/agora.xtec.cat\/ceipfmacia-orrius\/wp-json\/wp\/v2\/types\/post"}],"author":[{"embeddable":true,"href":"https:\/\/agora.xtec.cat\/ceipfmacia-orrius\/wp-json\/wp\/v2\/users\/17"}],"replies":[{"embeddable":true,"href":"https:\/\/agora.xtec.cat\/ceipfmacia-orrius\/wp-json\/wp\/v2\/comments?post=3412"}],"version-history":[{"count":3,"href":"https:\/\/agora.xtec.cat\/ceipfmacia-orrius\/wp-json\/wp\/v2\/posts\/3412\/revisions"}],"predecessor-version":[{"id":3440,"href":"https:\/\/agora.xtec.cat\/ceipfmacia-orrius\/wp-json\/wp\/v2\/posts\/3412\/revisions\/3440"}],"wp:featuredmedia":[{"embeddable":true,"href":"https:\/\/agora.xtec.cat\/ceipfmacia-orrius\/wp-json\/wp\/v2\/media\/3443"}],"wp:attachment":[{"href":"https:\/\/agora.xtec.cat\/ceipfmacia-orrius\/wp-json\/wp\/v2\/media?parent=3412"}],"wp:term":[{"taxonomy":"category","embeddable":true,"href":"https:\/\/agora.xtec.cat\/ceipfmacia-orrius\/wp-json\/wp\/v2\/categories?post=3412"},{"taxonomy":"post_tag","embeddable":true,"href":"https:\/\/agora.xtec.cat\/ceipfmacia-orrius\/wp-json\/wp\/v2\/tags?post=3412"}],"curies":[{"name":"wp","href":"https:\/\/api.w.org\/{rel}","templated":true}]}}