{"id":3407,"date":"2023-04-28T17:00:32","date_gmt":"2023-04-28T15:00:32","guid":{"rendered":"https:\/\/agora.xtec.cat\/ceipfmacia-orrius\/?p=3407"},"modified":"2023-07-29T13:35:14","modified_gmt":"2023-07-29T11:35:14","slug":"protagonista-de-la-setmana-el-sergi","status":"publish","type":"post","link":"https:\/\/agora.xtec.cat\/ceipfmacia-orrius\/infantil\/maons\/protagonista-de-la-setmana-el-sergi\/","title":{"rendered":"Protagonista de la setmana: el Sergi!"},"content":{"rendered":"<p>Aquesta setmana el Sergi d\u2019I5 ha estat el nostre protagonista! El Sergi ens ha portat la seva caixa dels tresors i ha compartit amb nosaltres el seu bonic rac\u00f3!<br \/>\nAquests divendres, els seus pares l\u2019\u00cdngrid i el Toni, i el seu germ\u00e0, el Bernat, han estat amb nosaltres a l\u2019aula per parlar-nos de com \u00e9s la seva feina! Ens han preparat una activitat molt divertida que hem fet despr\u00e9s de veure un v\u00eddeo sobre el que hem de fer en cas d\u2019incendi a casa! Hem hagut de superar alguns obstacles per rescatar l\u2019\u00cdo de l\u2019incendi, aix\u00f2 s\u00ed, seguint les instruccions dels pares i anant en compte amb el fum! Ho hem aconseguit! Ja som tots i totes uns bombers i bomberes de primera! Mireu que b\u00e9 ens queda el vestit de bomber i que contents estem amb el nostre carnet! Moltes gr\u00e0cies Pares, Bernat i Sergi, ens ha encantat aquesta activitat!<br \/>\nEn aquest <a href=\"https:\/\/drive.google.com\/drive\/folders\/14C8eq3CtGchLK0piE-QZUzGen4rtfgvJ?usp=sharing\" target=\"_blank\" rel=\"noopener\">enlla\u00e7<\/a> podreu veure m\u00e9s fotos!<\/p>\n","protected":false},"excerpt":{"rendered":"<p>Aquesta setmana el Sergi d\u2019I5 ha estat el nostre protagonista! El Sergi ens ha portat la seva caixa dels tresors i ha compartit amb nosaltres el seu bonic rac\u00f3!<br \/>\nAquests divendres, els seus pares l\u2019\u00cdngrid i el Toni, i el seu germ\u00e0, el Bernat, han estat&hellip;  <a href=\"https:\/\/agora.xtec.cat\/ceipfmacia-orrius\/infantil\/maons\/protagonista-de-la-setmana-el-sergi\/\" title=\"Read Protagonista de la setmana: el Sergi!\">Llegeix m\u00e9s\u00bb<\/a><\/p>\n","protected":false},"author":17,"featured_media":3408,"comment_status":"open","ping_status":"closed","sticky":false,"template":"","format":"standard","meta":{"_bbp_topic_count":0,"_bbp_reply_count":0,"_bbp_total_topic_count":0,"_bbp_total_reply_count":0,"_bbp_voice_count":0,"_bbp_anonymous_reply_count":0,"_bbp_topic_count_hidden":0,"_bbp_reply_count_hidden":0,"_bbp_forum_subforum_count":0,"footnotes":""},"categories":[3],"tags":[],"class_list":["post-3407","post","type-post","status-publish","format-standard","has-post-thumbnail","hentry","category-maons"],"post_mailing_queue_ids":[],"_links":{"self":[{"href":"https:\/\/agora.xtec.cat\/ceipfmacia-orrius\/wp-json\/wp\/v2\/posts\/3407","targetHints":{"allow":["GET"]}}],"collection":[{"href":"https:\/\/agora.xtec.cat\/ceipfmacia-orrius\/wp-json\/wp\/v2\/posts"}],"about":[{"href":"https:\/\/agora.xtec.cat\/ceipfmacia-orrius\/wp-json\/wp\/v2\/types\/post"}],"author":[{"embeddable":true,"href":"https:\/\/agora.xtec.cat\/ceipfmacia-orrius\/wp-json\/wp\/v2\/users\/17"}],"replies":[{"embeddable":true,"href":"https:\/\/agora.xtec.cat\/ceipfmacia-orrius\/wp-json\/wp\/v2\/comments?post=3407"}],"version-history":[{"count":3,"href":"https:\/\/agora.xtec.cat\/ceipfmacia-orrius\/wp-json\/wp\/v2\/posts\/3407\/revisions"}],"predecessor-version":[{"id":3411,"href":"https:\/\/agora.xtec.cat\/ceipfmacia-orrius\/wp-json\/wp\/v2\/posts\/3407\/revisions\/3411"}],"wp:featuredmedia":[{"embeddable":true,"href":"https:\/\/agora.xtec.cat\/ceipfmacia-orrius\/wp-json\/wp\/v2\/media\/3408"}],"wp:attachment":[{"href":"https:\/\/agora.xtec.cat\/ceipfmacia-orrius\/wp-json\/wp\/v2\/media?parent=3407"}],"wp:term":[{"taxonomy":"category","embeddable":true,"href":"https:\/\/agora.xtec.cat\/ceipfmacia-orrius\/wp-json\/wp\/v2\/categories?post=3407"},{"taxonomy":"post_tag","embeddable":true,"href":"https:\/\/agora.xtec.cat\/ceipfmacia-orrius\/wp-json\/wp\/v2\/tags?post=3407"}],"curies":[{"name":"wp","href":"https:\/\/api.w.org\/{rel}","templated":true}]}}