{"id":3368,"date":"2023-06-15T15:02:05","date_gmt":"2023-06-15T13:02:05","guid":{"rendered":"https:\/\/agora.xtec.cat\/ceipfmacia-orrius\/?p=3368"},"modified":"2023-06-15T15:02:05","modified_gmt":"2023-06-15T13:02:05","slug":"cantata-ci-els-sentiments-i-les-emocions","status":"publish","type":"post","link":"https:\/\/agora.xtec.cat\/ceipfmacia-orrius\/portada\/cantata-ci-els-sentiments-i-les-emocions\/","title":{"rendered":"CANTATA CI &#8220;ELS SENTIMENTS I LES EMOCIONS&#8221;"},"content":{"rendered":"<div>Despr\u00e9s d&#8217;haver dut a terme la cantata dels &#8220;Sentiments i les emocions&#8221; amb \u00e8xit, no nom\u00e9s el dia de l&#8217;espectacle, sin\u00f3 tamb\u00e9 durant el proc\u00e9s i a l&#8217;assaig general davant de tota l&#8217;escola, podreu tenir l&#8217;oportunitat de visualitzar <a href=\"https:\/\/youtu.be\/12RWsGz-4zk\">el v\u00eddeo<\/a> del dia que van venir totes les fam\u00edlies, tantes vegades com vulgueu, i compartir aquesta experi\u00e8ncia juntament amb els vostres fills, filles, avis, \u00e0vies&#8230;<\/div>\n<div><\/div>\n<div>Desitgem que en gaudiu!<\/div>\n","protected":false},"excerpt":{"rendered":"<p>Despr\u00e9s d&#8217;haver dut a terme la cantata dels &#8220;Sentiments i les emocions&#8221; amb \u00e8xit, no nom\u00e9s el dia de l&#8217;espectacle, sin\u00f3 tamb\u00e9 durant el proc\u00e9s i a l&#8217;assaig general davant de tota l&#8217;escola, podreu tenir l&#8217;oportunitat de visualitzar <a href=\"https:\/\/youtu.be\/12RWsGz-4zk\">el v\u00eddeo<\/a> del dia que van&hellip;  <a href=\"https:\/\/agora.xtec.cat\/ceipfmacia-orrius\/portada\/cantata-ci-els-sentiments-i-les-emocions\/\" title=\"Read CANTATA CI &#8220;ELS SENTIMENTS I LES EMOCIONS&#8221;\">Llegeix m\u00e9s\u00bb<\/a><\/p>\n","protected":false},"author":1,"featured_media":3369,"comment_status":"open","ping_status":"closed","sticky":false,"template":"","format":"standard","meta":{"_bbp_topic_count":0,"_bbp_reply_count":0,"_bbp_total_topic_count":0,"_bbp_total_reply_count":0,"_bbp_voice_count":0,"_bbp_anonymous_reply_count":0,"_bbp_topic_count_hidden":0,"_bbp_reply_count_hidden":0,"_bbp_forum_subforum_count":0,"footnotes":""},"categories":[4],"tags":[],"class_list":["post-3368","post","type-post","status-publish","format-standard","has-post-thumbnail","hentry","category-portada"],"post_mailing_queue_ids":[],"_links":{"self":[{"href":"https:\/\/agora.xtec.cat\/ceipfmacia-orrius\/wp-json\/wp\/v2\/posts\/3368","targetHints":{"allow":["GET"]}}],"collection":[{"href":"https:\/\/agora.xtec.cat\/ceipfmacia-orrius\/wp-json\/wp\/v2\/posts"}],"about":[{"href":"https:\/\/agora.xtec.cat\/ceipfmacia-orrius\/wp-json\/wp\/v2\/types\/post"}],"author":[{"embeddable":true,"href":"https:\/\/agora.xtec.cat\/ceipfmacia-orrius\/wp-json\/wp\/v2\/users\/1"}],"replies":[{"embeddable":true,"href":"https:\/\/agora.xtec.cat\/ceipfmacia-orrius\/wp-json\/wp\/v2\/comments?post=3368"}],"version-history":[{"count":1,"href":"https:\/\/agora.xtec.cat\/ceipfmacia-orrius\/wp-json\/wp\/v2\/posts\/3368\/revisions"}],"predecessor-version":[{"id":3370,"href":"https:\/\/agora.xtec.cat\/ceipfmacia-orrius\/wp-json\/wp\/v2\/posts\/3368\/revisions\/3370"}],"wp:featuredmedia":[{"embeddable":true,"href":"https:\/\/agora.xtec.cat\/ceipfmacia-orrius\/wp-json\/wp\/v2\/media\/3369"}],"wp:attachment":[{"href":"https:\/\/agora.xtec.cat\/ceipfmacia-orrius\/wp-json\/wp\/v2\/media?parent=3368"}],"wp:term":[{"taxonomy":"category","embeddable":true,"href":"https:\/\/agora.xtec.cat\/ceipfmacia-orrius\/wp-json\/wp\/v2\/categories?post=3368"},{"taxonomy":"post_tag","embeddable":true,"href":"https:\/\/agora.xtec.cat\/ceipfmacia-orrius\/wp-json\/wp\/v2\/tags?post=3368"}],"curies":[{"name":"wp","href":"https:\/\/api.w.org\/{rel}","templated":true}]}}