{"id":3359,"date":"2023-06-07T16:09:39","date_gmt":"2023-06-07T14:09:39","guid":{"rendered":"https:\/\/agora.xtec.cat\/ceipfmacia-orrius\/?p=3359"},"modified":"2023-06-07T16:09:39","modified_gmt":"2023-06-07T14:09:39","slug":"concurs-matematic-22-23","status":"publish","type":"post","link":"https:\/\/agora.xtec.cat\/ceipfmacia-orrius\/portada\/concurs-matematic-22-23\/","title":{"rendered":"CONCURS MATEM\u00c0TIC 22\/23"},"content":{"rendered":"<div>Des del grup \u00c0rea i amb la col\u00b7laboraci\u00f3 d&#8217;APPaMs, ens agraeixen la participaci\u00f3 de l&#8217;escola al IV <span class=\"il\">Concurs<\/span>\u00a0de\u00a0<span class=\"il\">fotografia<\/span>\u00a0matem\u00e0tica i feliciten a les alumnes premiades de l&#8217;escola.<\/div>\n<div><\/div>\n<div>Aina Andreu: 1r premi. Categoria: 3r Cicle Educaci\u00f3 Prim\u00e0ria.<\/div>\n<div>Ona Vallv\u00e9: 2n premi. Categoria: 1r Cicle Educaci\u00f3 Prim\u00e0ria.<\/div>\n<div><\/div>\n<div>Podeu veure les fotografies finalistes i les guanyadores en\u00a0<a href=\"https:\/\/youtu.be\/BfsJ2yf9rWM\" target=\"_blank\" rel=\"noopener\" data-saferedirecturl=\"https:\/\/www.google.com\/url?q=https:\/\/youtu.be\/BfsJ2yf9rWM&amp;source=gmail&amp;ust=1686215513891000&amp;usg=AOvVaw0aUPbDx3muqxdLU-pmRPm1\">aquest enlla\u00e7<\/a>\u00a0i a la web\u00a0<a href=\"http:\/\/apamms.feemcat.org\/\" target=\"_blank\" rel=\"noopener\" data-saferedirecturl=\"https:\/\/www.google.com\/url?q=http:\/\/apamms.feemcat.org\/&amp;source=gmail&amp;ust=1686215513891000&amp;usg=AOvVaw1kaUQIC0q-jj684SDLB4ga\">d\u2019APPaMS<\/a><span style=\"font-family: Calibri, sans-serif;\">.<\/span><\/div>\n<div><span style=\"font-family: Calibri, sans-serif;\">\u00a0<\/span><\/div>\n<div>Felicitats Aina i Ona!!!!<\/div>\n<div><\/div>\n<div>Seguim donant a l&#8217;alumnat de l&#8217;escola, l&#8217;oportunitat de participar en aquest\u00a0<span class=\"il\">concurs<\/span>, que permet veure el m\u00f3n amb ulleres matem\u00e0tiques!<\/div>\n<div><\/div>\n","protected":false},"excerpt":{"rendered":"<p>Des del grup \u00c0rea i amb la col\u00b7laboraci\u00f3 d&#8217;APPaMs, ens agraeixen la participaci\u00f3 de l&#8217;escola al IV Concurs\u00a0de\u00a0fotografia\u00a0matem\u00e0tica i feliciten a les alumnes premiades de l&#8217;escola.<\/p>\n<p>Aina Andreu: 1r premi. Categoria: 3r Cicle Educaci\u00f3 Prim\u00e0ria.<br \/>\nOna Vallv\u00e9: 2n premi. Categoria: 1r Cicle Educaci\u00f3 Prim\u00e0ria.<\/p>\n<p>Podeu veure les fotografies&hellip;  <a href=\"https:\/\/agora.xtec.cat\/ceipfmacia-orrius\/portada\/concurs-matematic-22-23\/\" title=\"Read CONCURS MATEM\u00c0TIC 22\/23\">Llegeix m\u00e9s\u00bb<\/a><\/p>\n","protected":false},"author":1,"featured_media":3360,"comment_status":"open","ping_status":"closed","sticky":false,"template":"","format":"standard","meta":{"_bbp_topic_count":0,"_bbp_reply_count":0,"_bbp_total_topic_count":0,"_bbp_total_reply_count":0,"_bbp_voice_count":0,"_bbp_anonymous_reply_count":0,"_bbp_topic_count_hidden":0,"_bbp_reply_count_hidden":0,"_bbp_forum_subforum_count":0,"footnotes":""},"categories":[4],"tags":[],"class_list":["post-3359","post","type-post","status-publish","format-standard","has-post-thumbnail","hentry","category-portada"],"post_mailing_queue_ids":[],"_links":{"self":[{"href":"https:\/\/agora.xtec.cat\/ceipfmacia-orrius\/wp-json\/wp\/v2\/posts\/3359","targetHints":{"allow":["GET"]}}],"collection":[{"href":"https:\/\/agora.xtec.cat\/ceipfmacia-orrius\/wp-json\/wp\/v2\/posts"}],"about":[{"href":"https:\/\/agora.xtec.cat\/ceipfmacia-orrius\/wp-json\/wp\/v2\/types\/post"}],"author":[{"embeddable":true,"href":"https:\/\/agora.xtec.cat\/ceipfmacia-orrius\/wp-json\/wp\/v2\/users\/1"}],"replies":[{"embeddable":true,"href":"https:\/\/agora.xtec.cat\/ceipfmacia-orrius\/wp-json\/wp\/v2\/comments?post=3359"}],"version-history":[{"count":1,"href":"https:\/\/agora.xtec.cat\/ceipfmacia-orrius\/wp-json\/wp\/v2\/posts\/3359\/revisions"}],"predecessor-version":[{"id":3361,"href":"https:\/\/agora.xtec.cat\/ceipfmacia-orrius\/wp-json\/wp\/v2\/posts\/3359\/revisions\/3361"}],"wp:featuredmedia":[{"embeddable":true,"href":"https:\/\/agora.xtec.cat\/ceipfmacia-orrius\/wp-json\/wp\/v2\/media\/3360"}],"wp:attachment":[{"href":"https:\/\/agora.xtec.cat\/ceipfmacia-orrius\/wp-json\/wp\/v2\/media?parent=3359"}],"wp:term":[{"taxonomy":"category","embeddable":true,"href":"https:\/\/agora.xtec.cat\/ceipfmacia-orrius\/wp-json\/wp\/v2\/categories?post=3359"},{"taxonomy":"post_tag","embeddable":true,"href":"https:\/\/agora.xtec.cat\/ceipfmacia-orrius\/wp-json\/wp\/v2\/tags?post=3359"}],"curies":[{"name":"wp","href":"https:\/\/api.w.org\/{rel}","templated":true}]}}