{"id":3341,"date":"2023-06-02T09:56:25","date_gmt":"2023-06-02T07:56:25","guid":{"rendered":"https:\/\/agora.xtec.cat\/ceipfmacia-orrius\/?p=3341"},"modified":"2023-06-02T09:57:03","modified_gmt":"2023-06-02T07:57:03","slug":"cs-anem-al-jardi-botanic","status":"publish","type":"post","link":"https:\/\/agora.xtec.cat\/ceipfmacia-orrius\/general\/cs-anem-al-jardi-botanic\/","title":{"rendered":"CS Anem al jard\u00ed bot\u00e0nic"},"content":{"rendered":"<p>Els alumnes de cicle superior com la resta de l&#8217;escola tamb\u00e9 hem anat al jard\u00ed bot\u00e0nic d\u2019aqu\u00ed \u00d2rrius, a casa de la Margarida i l\u2019Andreu.<\/p>\n<p>Hem apr\u00e8s moltes coses a trav\u00e9s de les seves hist\u00f2ries i de tot el que ens han explicat sobre la flora i la fauna d&#8217;aquest jard\u00ed. A m\u00e9s, hem fet un escalfament i hem seguit els camins dels jard\u00ed fent relaci\u00f3 amb tota l&#8217;experi\u00e8ncia que tenien sobre les muntanyes i les seves viv\u00e8ncies.<\/p>\n<p>Fins i tot, en acabar ens ha regalat un p\u00f2ster que ha elaborat ell amb fotografies pr\u00f2pies de tots i cadascun dels ocells que han passat pel seu jard\u00ed durant els \u00faltims 8 anys.<\/p>\n<p>Ens ha encantat l&#8217;experi\u00e8ncia! Moltes gr\u00e0cies Margarida i Andreu per compartir-ho amb nosaltres!<\/p>\n<p style=\"text-align: center;\"><a href=\"https:\/\/drive.google.com\/drive\/folders\/1kwWB9ZKux2kvMeNP5iAiRDK7--hTvJrx\" target=\"_blank\" rel=\"noopener\">Fotos jard\u00ed<\/a><a href=\"https:\/\/drive.google.com\/drive\/folders\/1kwWB9ZKux2kvMeNP5iAiRDK7--hTvJrx\" target=\"_blank\" rel=\"noopener\"> bot\u00e0nic<\/a><\/p>\n","protected":false},"excerpt":{"rendered":"<p>Els alumnes de cicle superior com la resta de l&#8217;escola tamb\u00e9 hem anat al jard\u00ed bot\u00e0nic d\u2019aqu\u00ed \u00d2rrius, a casa de la Margarida i l\u2019Andreu.<br \/>\nHem apr\u00e8s moltes coses a trav\u00e9s de les seves hist\u00f2ries i de tot el que ens han explicat sobre la flora&hellip;  <a href=\"https:\/\/agora.xtec.cat\/ceipfmacia-orrius\/general\/cs-anem-al-jardi-botanic\/\" title=\"Read CS Anem al jard\u00ed bot\u00e0nic\">Llegeix m\u00e9s\u00bb<\/a><\/p>\n","protected":false},"author":43,"featured_media":3344,"comment_status":"open","ping_status":"closed","sticky":false,"template":"","format":"standard","meta":{"_bbp_topic_count":0,"_bbp_reply_count":0,"_bbp_total_topic_count":0,"_bbp_total_reply_count":0,"_bbp_voice_count":0,"_bbp_anonymous_reply_count":0,"_bbp_topic_count_hidden":0,"_bbp_reply_count_hidden":0,"_bbp_forum_subforum_count":0,"footnotes":""},"categories":[61,1,4],"tags":[],"class_list":["post-3341","post","type-post","status-publish","format-standard","has-post-thumbnail","hentry","category-cs","category-general","category-portada"],"post_mailing_queue_ids":[],"_links":{"self":[{"href":"https:\/\/agora.xtec.cat\/ceipfmacia-orrius\/wp-json\/wp\/v2\/posts\/3341","targetHints":{"allow":["GET"]}}],"collection":[{"href":"https:\/\/agora.xtec.cat\/ceipfmacia-orrius\/wp-json\/wp\/v2\/posts"}],"about":[{"href":"https:\/\/agora.xtec.cat\/ceipfmacia-orrius\/wp-json\/wp\/v2\/types\/post"}],"author":[{"embeddable":true,"href":"https:\/\/agora.xtec.cat\/ceipfmacia-orrius\/wp-json\/wp\/v2\/users\/43"}],"replies":[{"embeddable":true,"href":"https:\/\/agora.xtec.cat\/ceipfmacia-orrius\/wp-json\/wp\/v2\/comments?post=3341"}],"version-history":[{"count":3,"href":"https:\/\/agora.xtec.cat\/ceipfmacia-orrius\/wp-json\/wp\/v2\/posts\/3341\/revisions"}],"predecessor-version":[{"id":3346,"href":"https:\/\/agora.xtec.cat\/ceipfmacia-orrius\/wp-json\/wp\/v2\/posts\/3341\/revisions\/3346"}],"wp:featuredmedia":[{"embeddable":true,"href":"https:\/\/agora.xtec.cat\/ceipfmacia-orrius\/wp-json\/wp\/v2\/media\/3344"}],"wp:attachment":[{"href":"https:\/\/agora.xtec.cat\/ceipfmacia-orrius\/wp-json\/wp\/v2\/media?parent=3341"}],"wp:term":[{"taxonomy":"category","embeddable":true,"href":"https:\/\/agora.xtec.cat\/ceipfmacia-orrius\/wp-json\/wp\/v2\/categories?post=3341"},{"taxonomy":"post_tag","embeddable":true,"href":"https:\/\/agora.xtec.cat\/ceipfmacia-orrius\/wp-json\/wp\/v2\/tags?post=3341"}],"curies":[{"name":"wp","href":"https:\/\/api.w.org\/{rel}","templated":true}]}}