{"id":3325,"date":"2023-05-15T21:23:12","date_gmt":"2023-05-15T19:23:12","guid":{"rendered":"https:\/\/agora.xtec.cat\/ceipfmacia-orrius\/?p=3325"},"modified":"2023-05-15T21:26:30","modified_gmt":"2023-05-15T19:26:30","slug":"jardi-botanic-dorrius","status":"publish","type":"post","link":"https:\/\/agora.xtec.cat\/ceipfmacia-orrius\/portada\/jardi-botanic-dorrius\/","title":{"rendered":"JARD\u00cd BOT\u00c0NIC D&#8217;\u00d2RRIUS"},"content":{"rendered":"<p>Avui hem comen\u00e7at les sortides al <a href=\"https:\/\/drive.google.com\/drive\/folders\/1UvteJm-EX1y1cWRIpnaVlq4iUSJoUTF4?usp=sharing\">jard\u00ed bot\u00e0nic<\/a> d&#8217;aqu\u00ed \u00d2rrius, a casa de la Margarida i l&#8217;Andreu, i la classe de les guineus ha sigut la primera en anar-hi.<\/p>\n<p>Ens ha encantat tornar-hi perqu\u00e8 cada any aprenem coses noves: nous ocells, noves plantes&#8230; A m\u00e9s, en acabar, el senyor Andreu ens ha regalat un p\u00f2ster que ha elaborat ell amb fotografies pr\u00f2pies de tots i cadascun dels ocells que han passat pel seu jard\u00ed durant els \u00faltims 8 anys.<\/p>\n<p>Hem quedat fascinats! Moltes gr\u00e0cies Margarida i Andreu per compartir-ho amb nosaltres!<\/p>\n","protected":false},"excerpt":{"rendered":"<p>Avui hem comen\u00e7at les sortides al <a href=\"https:\/\/drive.google.com\/drive\/folders\/1UvteJm-EX1y1cWRIpnaVlq4iUSJoUTF4?usp=sharing\">jard\u00ed bot\u00e0nic<\/a> d&#8217;aqu\u00ed \u00d2rrius, a casa de la Margarida i l&#8217;Andreu, i la classe de les guineus ha sigut la primera en anar-hi.<br \/>\nEns ha encantat tornar-hi perqu\u00e8 cada any aprenem coses noves: nous ocells, noves plantes&#8230; A m\u00e9s,&hellip;  <a href=\"https:\/\/agora.xtec.cat\/ceipfmacia-orrius\/portada\/jardi-botanic-dorrius\/\" title=\"Read JARD\u00cd BOT\u00c0NIC D&#8217;\u00d2RRIUS\">Llegeix m\u00e9s\u00bb<\/a><\/p>\n","protected":false},"author":29,"featured_media":3328,"comment_status":"open","ping_status":"closed","sticky":false,"template":"","format":"standard","meta":{"_bbp_topic_count":0,"_bbp_reply_count":0,"_bbp_total_topic_count":0,"_bbp_total_reply_count":0,"_bbp_voice_count":0,"_bbp_anonymous_reply_count":0,"_bbp_topic_count_hidden":0,"_bbp_reply_count_hidden":0,"_bbp_forum_subforum_count":0,"footnotes":""},"categories":[10,5,4],"tags":[],"class_list":["post-3325","post","type-post","status-publish","format-standard","has-post-thumbnail","hentry","category-anelles-olimpiques","category-ci","category-portada"],"post_mailing_queue_ids":[],"_links":{"self":[{"href":"https:\/\/agora.xtec.cat\/ceipfmacia-orrius\/wp-json\/wp\/v2\/posts\/3325","targetHints":{"allow":["GET"]}}],"collection":[{"href":"https:\/\/agora.xtec.cat\/ceipfmacia-orrius\/wp-json\/wp\/v2\/posts"}],"about":[{"href":"https:\/\/agora.xtec.cat\/ceipfmacia-orrius\/wp-json\/wp\/v2\/types\/post"}],"author":[{"embeddable":true,"href":"https:\/\/agora.xtec.cat\/ceipfmacia-orrius\/wp-json\/wp\/v2\/users\/29"}],"replies":[{"embeddable":true,"href":"https:\/\/agora.xtec.cat\/ceipfmacia-orrius\/wp-json\/wp\/v2\/comments?post=3325"}],"version-history":[{"count":2,"href":"https:\/\/agora.xtec.cat\/ceipfmacia-orrius\/wp-json\/wp\/v2\/posts\/3325\/revisions"}],"predecessor-version":[{"id":3331,"href":"https:\/\/agora.xtec.cat\/ceipfmacia-orrius\/wp-json\/wp\/v2\/posts\/3325\/revisions\/3331"}],"wp:featuredmedia":[{"embeddable":true,"href":"https:\/\/agora.xtec.cat\/ceipfmacia-orrius\/wp-json\/wp\/v2\/media\/3328"}],"wp:attachment":[{"href":"https:\/\/agora.xtec.cat\/ceipfmacia-orrius\/wp-json\/wp\/v2\/media?parent=3325"}],"wp:term":[{"taxonomy":"category","embeddable":true,"href":"https:\/\/agora.xtec.cat\/ceipfmacia-orrius\/wp-json\/wp\/v2\/categories?post=3325"},{"taxonomy":"post_tag","embeddable":true,"href":"https:\/\/agora.xtec.cat\/ceipfmacia-orrius\/wp-json\/wp\/v2\/tags?post=3325"}],"curies":[{"name":"wp","href":"https:\/\/api.w.org\/{rel}","templated":true}]}}