{"id":3322,"date":"2023-05-15T20:48:55","date_gmt":"2023-05-15T18:48:55","guid":{"rendered":"https:\/\/agora.xtec.cat\/ceipfmacia-orrius\/?p=3322"},"modified":"2023-05-15T21:26:15","modified_gmt":"2023-05-15T19:26:15","slug":"les-guineus-sortim-al-bosc","status":"publish","type":"post","link":"https:\/\/agora.xtec.cat\/ceipfmacia-orrius\/portada\/les-guineus-sortim-al-bosc\/","title":{"rendered":"C\u00c0MERA DE TRAMPEIG"},"content":{"rendered":"<p>Recordeu que fa uns dies us vam explicar que la classe de les guineus hav\u00edem instal\u00b7lat una c\u00e0mera de trampeig al bosc per con\u00e8ixer de m\u00e9s aprop quins animals pod\u00edem trobar al nostre entorn?<\/p>\n<p>Doncs avui l&#8217;hem anat a recollir amb el pare de la Neret i <a href=\"https:\/\/drive.google.com\/drive\/folders\/1F9UwTCCI08diLpWu6V7IIGv6uBkPJcHD?usp=sharing\">mireu tot el que hem vist<\/a>!!!<\/p>\n<p>Ha sigut una activitat fant\u00e0stica, gr\u00e0cies de nou Cume!!\ud83d\udc4f<\/p>\n","protected":false},"excerpt":{"rendered":"<p>Recordeu que fa uns dies us vam explicar que la classe de les guineus hav\u00edem instal\u00b7lat una c\u00e0mera de trampeig al bosc per con\u00e8ixer de m\u00e9s aprop quins animals pod\u00edem trobar al nostre entorn?<br \/>\nDoncs avui l&#8217;hem anat a recollir amb el pare de la Neret&hellip;  <a href=\"https:\/\/agora.xtec.cat\/ceipfmacia-orrius\/portada\/les-guineus-sortim-al-bosc\/\" title=\"Read C\u00c0MERA DE TRAMPEIG\">Llegeix m\u00e9s\u00bb<\/a><\/p>\n","protected":false},"author":29,"featured_media":3323,"comment_status":"open","ping_status":"closed","sticky":false,"template":"","format":"standard","meta":{"_bbp_topic_count":0,"_bbp_reply_count":0,"_bbp_total_topic_count":0,"_bbp_total_reply_count":0,"_bbp_voice_count":0,"_bbp_anonymous_reply_count":0,"_bbp_topic_count_hidden":0,"_bbp_reply_count_hidden":0,"_bbp_forum_subforum_count":0,"footnotes":""},"categories":[10,5,4],"tags":[],"class_list":["post-3322","post","type-post","status-publish","format-standard","has-post-thumbnail","hentry","category-anelles-olimpiques","category-ci","category-portada"],"post_mailing_queue_ids":[],"_links":{"self":[{"href":"https:\/\/agora.xtec.cat\/ceipfmacia-orrius\/wp-json\/wp\/v2\/posts\/3322","targetHints":{"allow":["GET"]}}],"collection":[{"href":"https:\/\/agora.xtec.cat\/ceipfmacia-orrius\/wp-json\/wp\/v2\/posts"}],"about":[{"href":"https:\/\/agora.xtec.cat\/ceipfmacia-orrius\/wp-json\/wp\/v2\/types\/post"}],"author":[{"embeddable":true,"href":"https:\/\/agora.xtec.cat\/ceipfmacia-orrius\/wp-json\/wp\/v2\/users\/29"}],"replies":[{"embeddable":true,"href":"https:\/\/agora.xtec.cat\/ceipfmacia-orrius\/wp-json\/wp\/v2\/comments?post=3322"}],"version-history":[{"count":2,"href":"https:\/\/agora.xtec.cat\/ceipfmacia-orrius\/wp-json\/wp\/v2\/posts\/3322\/revisions"}],"predecessor-version":[{"id":3330,"href":"https:\/\/agora.xtec.cat\/ceipfmacia-orrius\/wp-json\/wp\/v2\/posts\/3322\/revisions\/3330"}],"wp:featuredmedia":[{"embeddable":true,"href":"https:\/\/agora.xtec.cat\/ceipfmacia-orrius\/wp-json\/wp\/v2\/media\/3323"}],"wp:attachment":[{"href":"https:\/\/agora.xtec.cat\/ceipfmacia-orrius\/wp-json\/wp\/v2\/media?parent=3322"}],"wp:term":[{"taxonomy":"category","embeddable":true,"href":"https:\/\/agora.xtec.cat\/ceipfmacia-orrius\/wp-json\/wp\/v2\/categories?post=3322"},{"taxonomy":"post_tag","embeddable":true,"href":"https:\/\/agora.xtec.cat\/ceipfmacia-orrius\/wp-json\/wp\/v2\/tags?post=3322"}],"curies":[{"name":"wp","href":"https:\/\/api.w.org\/{rel}","templated":true}]}}