{"id":3313,"date":"2023-05-12T10:29:39","date_gmt":"2023-05-12T08:29:39","guid":{"rendered":"https:\/\/agora.xtec.cat\/ceipfmacia-orrius\/?p=3313"},"modified":"2023-05-12T10:33:51","modified_gmt":"2023-05-12T08:33:51","slug":"laventura-de-la-sang","status":"publish","type":"post","link":"https:\/\/agora.xtec.cat\/ceipfmacia-orrius\/general\/laventura-de-la-sang\/","title":{"rendered":"L&#8217;AVENTURA DE LA SANG"},"content":{"rendered":"<p>Els i les alumnes de CM estan immersos en el <a href=\"https:\/\/drive.google.com\/drive\/folders\/18aFtIzF16zjg85XpuUU1sk-59rsSh_8H?usp=share_link\">projecte &#8220;L&#8217;aventura de la sang&#8221; <\/a>i el passat dimecres 10 de maig van venir del Banc de Sang de Catalunya a desenvolupar un taller per preparar-los ja que portaran a terme una<strong> campanya de donaci\u00f3 de sang<\/strong> que tindr\u00e0 lloc el<strong> DIVENDRES 2 DE JUNY A PARTIR DE LES 16:00\u00a0 A LA SALA.<\/strong> Al tallers els i les alumnes han apr\u00e9s molt b\u00e9 quins passos han de seguir per organitzar aquesta campanya i en breu tindreu not\u00edcies de la promoci\u00f3 i divulgaci\u00f3 que en faran.<\/p>\n","protected":false},"excerpt":{"rendered":"<p>Els i les alumnes de CM estan immersos en el <a href=\"https:\/\/drive.google.com\/drive\/folders\/18aFtIzF16zjg85XpuUU1sk-59rsSh_8H?usp=share_link\">projecte &#8220;L&#8217;aventura de la sang&#8221; <\/a>i el passat dimecres 10 de maig van venir del Banc de Sang de Catalunya a desenvolupar un taller per preparar-los ja que portaran a terme una campanya de&hellip;  <a href=\"https:\/\/agora.xtec.cat\/ceipfmacia-orrius\/general\/laventura-de-la-sang\/\" title=\"Read L&#8217;AVENTURA DE LA SANG\">Llegeix m\u00e9s\u00bb<\/a><\/p>\n","protected":false},"author":1,"featured_media":3314,"comment_status":"open","ping_status":"closed","sticky":false,"template":"","format":"standard","meta":{"_bbp_topic_count":0,"_bbp_reply_count":0,"_bbp_total_topic_count":0,"_bbp_total_reply_count":0,"_bbp_voice_count":0,"_bbp_anonymous_reply_count":0,"_bbp_topic_count_hidden":0,"_bbp_reply_count_hidden":0,"_bbp_forum_subforum_count":0,"footnotes":""},"categories":[60,1,4],"tags":[],"class_list":["post-3313","post","type-post","status-publish","format-standard","has-post-thumbnail","hentry","category-cm","category-general","category-portada"],"post_mailing_queue_ids":[],"_links":{"self":[{"href":"https:\/\/agora.xtec.cat\/ceipfmacia-orrius\/wp-json\/wp\/v2\/posts\/3313","targetHints":{"allow":["GET"]}}],"collection":[{"href":"https:\/\/agora.xtec.cat\/ceipfmacia-orrius\/wp-json\/wp\/v2\/posts"}],"about":[{"href":"https:\/\/agora.xtec.cat\/ceipfmacia-orrius\/wp-json\/wp\/v2\/types\/post"}],"author":[{"embeddable":true,"href":"https:\/\/agora.xtec.cat\/ceipfmacia-orrius\/wp-json\/wp\/v2\/users\/1"}],"replies":[{"embeddable":true,"href":"https:\/\/agora.xtec.cat\/ceipfmacia-orrius\/wp-json\/wp\/v2\/comments?post=3313"}],"version-history":[{"count":2,"href":"https:\/\/agora.xtec.cat\/ceipfmacia-orrius\/wp-json\/wp\/v2\/posts\/3313\/revisions"}],"predecessor-version":[{"id":3316,"href":"https:\/\/agora.xtec.cat\/ceipfmacia-orrius\/wp-json\/wp\/v2\/posts\/3313\/revisions\/3316"}],"wp:featuredmedia":[{"embeddable":true,"href":"https:\/\/agora.xtec.cat\/ceipfmacia-orrius\/wp-json\/wp\/v2\/media\/3314"}],"wp:attachment":[{"href":"https:\/\/agora.xtec.cat\/ceipfmacia-orrius\/wp-json\/wp\/v2\/media?parent=3313"}],"wp:term":[{"taxonomy":"category","embeddable":true,"href":"https:\/\/agora.xtec.cat\/ceipfmacia-orrius\/wp-json\/wp\/v2\/categories?post=3313"},{"taxonomy":"post_tag","embeddable":true,"href":"https:\/\/agora.xtec.cat\/ceipfmacia-orrius\/wp-json\/wp\/v2\/tags?post=3313"}],"curies":[{"name":"wp","href":"https:\/\/api.w.org\/{rel}","templated":true}]}}