{"id":3307,"date":"2023-05-10T09:28:45","date_gmt":"2023-05-10T07:28:45","guid":{"rendered":"https:\/\/agora.xtec.cat\/ceipfmacia-orrius\/?p=3307"},"modified":"2023-05-10T09:28:45","modified_gmt":"2023-05-10T07:28:45","slug":"taller-afectiu-sexual-a-cs","status":"publish","type":"post","link":"https:\/\/agora.xtec.cat\/ceipfmacia-orrius\/general\/taller-afectiu-sexual-a-cs\/","title":{"rendered":"TALLER AFECTIU-SEXUAL A CS"},"content":{"rendered":"<p>Con\u00e8ixer els canvis que es van succeint\u00a0 a nivell f\u00edsic i emocional quan es passa d&#8217;infant a adolescent. Mirar tot els qu\u00e8 ens rodeja i els \u00edmputs que reben els infants i asdolescents quan es parla de temes de sexualitat, relacions, emocions, el cos, etc&#8230;\u00e9s el que han treballat els alumnes de CS amb<a href=\"https:\/\/drive.google.com\/drive\/folders\/1496j73Wbc385b3OakX1Gnthqc-XByA2J?usp=share_link\"> el taller\u00a0<\/a>que han vingut a fer des de l&#8217;organitzaci\u00f3 de <a href=\"https:\/\/sexducacion.com\/\">sexducaci\u00f3n.<\/a><\/p>\n","protected":false},"excerpt":{"rendered":"<p>Con\u00e8ixer els canvis que es van succeint\u00a0 a nivell f\u00edsic i emocional quan es passa d&#8217;infant a adolescent. Mirar tot els qu\u00e8 ens rodeja i els \u00edmputs que reben els infants i asdolescents quan es parla de temes de sexualitat, relacions, emocions, el cos, etc&#8230;\u00e9s&hellip;  <a href=\"https:\/\/agora.xtec.cat\/ceipfmacia-orrius\/general\/taller-afectiu-sexual-a-cs\/\" title=\"Read TALLER AFECTIU-SEXUAL A CS\">Llegeix m\u00e9s\u00bb<\/a><\/p>\n","protected":false},"author":1,"featured_media":3309,"comment_status":"open","ping_status":"closed","sticky":false,"template":"","format":"standard","meta":{"_bbp_topic_count":0,"_bbp_reply_count":0,"_bbp_total_topic_count":0,"_bbp_total_reply_count":0,"_bbp_voice_count":0,"_bbp_anonymous_reply_count":0,"_bbp_topic_count_hidden":0,"_bbp_reply_count_hidden":0,"_bbp_forum_subforum_count":0,"footnotes":""},"categories":[169,61,1,14,4],"tags":[],"class_list":["post-3307","post","type-post","status-publish","format-standard","has-post-thumbnail","hentry","category-porrons","category-cs","category-general","category-porcs-senglars","category-portada"],"post_mailing_queue_ids":[],"_links":{"self":[{"href":"https:\/\/agora.xtec.cat\/ceipfmacia-orrius\/wp-json\/wp\/v2\/posts\/3307","targetHints":{"allow":["GET"]}}],"collection":[{"href":"https:\/\/agora.xtec.cat\/ceipfmacia-orrius\/wp-json\/wp\/v2\/posts"}],"about":[{"href":"https:\/\/agora.xtec.cat\/ceipfmacia-orrius\/wp-json\/wp\/v2\/types\/post"}],"author":[{"embeddable":true,"href":"https:\/\/agora.xtec.cat\/ceipfmacia-orrius\/wp-json\/wp\/v2\/users\/1"}],"replies":[{"embeddable":true,"href":"https:\/\/agora.xtec.cat\/ceipfmacia-orrius\/wp-json\/wp\/v2\/comments?post=3307"}],"version-history":[{"count":2,"href":"https:\/\/agora.xtec.cat\/ceipfmacia-orrius\/wp-json\/wp\/v2\/posts\/3307\/revisions"}],"predecessor-version":[{"id":3310,"href":"https:\/\/agora.xtec.cat\/ceipfmacia-orrius\/wp-json\/wp\/v2\/posts\/3307\/revisions\/3310"}],"wp:featuredmedia":[{"embeddable":true,"href":"https:\/\/agora.xtec.cat\/ceipfmacia-orrius\/wp-json\/wp\/v2\/media\/3309"}],"wp:attachment":[{"href":"https:\/\/agora.xtec.cat\/ceipfmacia-orrius\/wp-json\/wp\/v2\/media?parent=3307"}],"wp:term":[{"taxonomy":"category","embeddable":true,"href":"https:\/\/agora.xtec.cat\/ceipfmacia-orrius\/wp-json\/wp\/v2\/categories?post=3307"},{"taxonomy":"post_tag","embeddable":true,"href":"https:\/\/agora.xtec.cat\/ceipfmacia-orrius\/wp-json\/wp\/v2\/tags?post=3307"}],"curies":[{"name":"wp","href":"https:\/\/api.w.org\/{rel}","templated":true}]}}