{"id":3301,"date":"2023-04-27T10:52:26","date_gmt":"2023-04-27T08:52:26","guid":{"rendered":"https:\/\/agora.xtec.cat\/ceipfmacia-orrius\/?p=3301"},"modified":"2023-04-27T11:24:58","modified_gmt":"2023-04-27T09:24:58","slug":"les-dones-i-la-ciencia","status":"publish","type":"post","link":"https:\/\/agora.xtec.cat\/ceipfmacia-orrius\/general\/les-dones-i-la-ciencia\/","title":{"rendered":"LES DONES I LA CI\u00c8NCIA"},"content":{"rendered":"<p>El 26 d&#8217;abril els infants de CM van realitzat un taller, promocionat pel Bibliob\u00fas, entorn de<strong> LES DONES I LA CI\u00c8NCIA<\/strong>. En ell vam con\u00e8ixer diferentes dones vinculades a la ci\u00e8ncia com Marie Curie, Ada Lovelace, Rachel Carson, i\u00a0 Valentina Tereshkovavam. Vam gaudir molt realitzant experiments entorn als seus descobriments.<\/p>\n<p><a href=\"https:\/\/drive.google.com\/drive\/folders\/19yaqAvNTJWbfiY6QTnxq9ooqG0CDwx1-?usp=share_link\">Mireu les fotos!<\/a><\/p>\n","protected":false},"excerpt":{"rendered":"<p>El 26 d&#8217;abril els infants de CM van realitzat un taller, promocionat pel Bibliob\u00fas, entorn de LES DONES I LA CI\u00c8NCIA. En ell vam con\u00e8ixer diferentes dones vinculades a la ci\u00e8ncia com Marie Curie, Ada Lovelace, Rachel Carson, i\u00a0 Valentina Tereshkovavam. Vam gaudir molt realitzant&hellip;  <a href=\"https:\/\/agora.xtec.cat\/ceipfmacia-orrius\/general\/les-dones-i-la-ciencia\/\" title=\"Read LES DONES I LA CI\u00c8NCIA\">Llegeix m\u00e9s\u00bb<\/a><\/p>\n","protected":false},"author":1,"featured_media":3302,"comment_status":"open","ping_status":"closed","sticky":false,"template":"","format":"standard","meta":{"_bbp_topic_count":0,"_bbp_reply_count":0,"_bbp_total_topic_count":0,"_bbp_total_reply_count":0,"_bbp_voice_count":0,"_bbp_anonymous_reply_count":0,"_bbp_topic_count_hidden":0,"_bbp_reply_count_hidden":0,"_bbp_forum_subforum_count":0,"footnotes":""},"categories":[60,1,13,4],"tags":[],"class_list":["post-3301","post","type-post","status-publish","format-standard","has-post-thumbnail","hentry","category-cm","category-general","category-mascotes-olimpiques","category-portada"],"post_mailing_queue_ids":[],"_links":{"self":[{"href":"https:\/\/agora.xtec.cat\/ceipfmacia-orrius\/wp-json\/wp\/v2\/posts\/3301","targetHints":{"allow":["GET"]}}],"collection":[{"href":"https:\/\/agora.xtec.cat\/ceipfmacia-orrius\/wp-json\/wp\/v2\/posts"}],"about":[{"href":"https:\/\/agora.xtec.cat\/ceipfmacia-orrius\/wp-json\/wp\/v2\/types\/post"}],"author":[{"embeddable":true,"href":"https:\/\/agora.xtec.cat\/ceipfmacia-orrius\/wp-json\/wp\/v2\/users\/1"}],"replies":[{"embeddable":true,"href":"https:\/\/agora.xtec.cat\/ceipfmacia-orrius\/wp-json\/wp\/v2\/comments?post=3301"}],"version-history":[{"count":2,"href":"https:\/\/agora.xtec.cat\/ceipfmacia-orrius\/wp-json\/wp\/v2\/posts\/3301\/revisions"}],"predecessor-version":[{"id":3304,"href":"https:\/\/agora.xtec.cat\/ceipfmacia-orrius\/wp-json\/wp\/v2\/posts\/3301\/revisions\/3304"}],"wp:featuredmedia":[{"embeddable":true,"href":"https:\/\/agora.xtec.cat\/ceipfmacia-orrius\/wp-json\/wp\/v2\/media\/3302"}],"wp:attachment":[{"href":"https:\/\/agora.xtec.cat\/ceipfmacia-orrius\/wp-json\/wp\/v2\/media?parent=3301"}],"wp:term":[{"taxonomy":"category","embeddable":true,"href":"https:\/\/agora.xtec.cat\/ceipfmacia-orrius\/wp-json\/wp\/v2\/categories?post=3301"},{"taxonomy":"post_tag","embeddable":true,"href":"https:\/\/agora.xtec.cat\/ceipfmacia-orrius\/wp-json\/wp\/v2\/tags?post=3301"}],"curies":[{"name":"wp","href":"https:\/\/api.w.org\/{rel}","templated":true}]}}