{"id":3295,"date":"2023-04-24T16:00:31","date_gmt":"2023-04-24T14:00:31","guid":{"rendered":"https:\/\/agora.xtec.cat\/ceipfmacia-orrius\/?p=3295"},"modified":"2023-04-24T16:01:25","modified_gmt":"2023-04-24T14:01:25","slug":"11a-edicio-llibre-de-sant-jordi","status":"publish","type":"post","link":"https:\/\/agora.xtec.cat\/ceipfmacia-orrius\/general\/11a-edicio-llibre-de-sant-jordi\/","title":{"rendered":"11\u00aa Edici\u00f3 Llibre de Sant Jordi"},"content":{"rendered":"<p>Benvolgudes fam\u00edlies, aqu\u00ed teniu <a href=\"https:\/\/drive.google.com\/file\/d\/1Kh64wdNh7t0dEpYfCU4shZhOxnALHjlQ\/view?usp=share_link\">l&#8217;ENLLA\u00c7<\/a> per poder-vos descarregar el llibre d&#8217;enguany elaborat pel infants de l&#8217;escola.<\/p>\n<p>Agra\u00efm\u00a0 la participaci\u00f3 dels il.lustradors i les il.lustradores voluntaris i en especial a la il.lustradora que ens va venir a visitar a l&#8217;escola, la Lara S\u00e0nchez Guirado. La Lara\u00a0 ens ha fet la portada del llibre, on hi surten representats tots els noms de les aules de l&#8217;escola.<\/p>\n<p>Moltes gr\u00e0cies a tothom.<\/p>\n","protected":false},"excerpt":{"rendered":"<p>Benvolgudes fam\u00edlies, aqu\u00ed teniu <a href=\"https:\/\/drive.google.com\/file\/d\/1Kh64wdNh7t0dEpYfCU4shZhOxnALHjlQ\/view?usp=share_link\">l&#8217;ENLLA\u00c7<\/a> per poder-vos descarregar el llibre d&#8217;enguany elaborat pel infants de l&#8217;escola.<br \/>\nAgra\u00efm\u00a0 la participaci\u00f3 dels il.lustradors i les il.lustradores voluntaris i en especial a la il.lustradora que ens va venir a visitar a l&#8217;escola, la Lara S\u00e0nchez Guirado. La Lara\u00a0&hellip;  <a href=\"https:\/\/agora.xtec.cat\/ceipfmacia-orrius\/general\/11a-edicio-llibre-de-sant-jordi\/\" title=\"Read 11\u00aa Edici\u00f3 Llibre de Sant Jordi\">Llegeix m\u00e9s\u00bb<\/a><\/p>\n","protected":false},"author":1,"featured_media":3296,"comment_status":"open","ping_status":"closed","sticky":false,"template":"","format":"standard","meta":{"_bbp_topic_count":0,"_bbp_reply_count":0,"_bbp_total_topic_count":0,"_bbp_total_reply_count":0,"_bbp_voice_count":0,"_bbp_anonymous_reply_count":0,"_bbp_topic_count_hidden":0,"_bbp_reply_count_hidden":0,"_bbp_forum_subforum_count":0,"footnotes":""},"categories":[1,4],"tags":[],"class_list":["post-3295","post","type-post","status-publish","format-standard","has-post-thumbnail","hentry","category-general","category-portada"],"post_mailing_queue_ids":[],"_links":{"self":[{"href":"https:\/\/agora.xtec.cat\/ceipfmacia-orrius\/wp-json\/wp\/v2\/posts\/3295","targetHints":{"allow":["GET"]}}],"collection":[{"href":"https:\/\/agora.xtec.cat\/ceipfmacia-orrius\/wp-json\/wp\/v2\/posts"}],"about":[{"href":"https:\/\/agora.xtec.cat\/ceipfmacia-orrius\/wp-json\/wp\/v2\/types\/post"}],"author":[{"embeddable":true,"href":"https:\/\/agora.xtec.cat\/ceipfmacia-orrius\/wp-json\/wp\/v2\/users\/1"}],"replies":[{"embeddable":true,"href":"https:\/\/agora.xtec.cat\/ceipfmacia-orrius\/wp-json\/wp\/v2\/comments?post=3295"}],"version-history":[{"count":1,"href":"https:\/\/agora.xtec.cat\/ceipfmacia-orrius\/wp-json\/wp\/v2\/posts\/3295\/revisions"}],"predecessor-version":[{"id":3297,"href":"https:\/\/agora.xtec.cat\/ceipfmacia-orrius\/wp-json\/wp\/v2\/posts\/3295\/revisions\/3297"}],"wp:featuredmedia":[{"embeddable":true,"href":"https:\/\/agora.xtec.cat\/ceipfmacia-orrius\/wp-json\/wp\/v2\/media\/3296"}],"wp:attachment":[{"href":"https:\/\/agora.xtec.cat\/ceipfmacia-orrius\/wp-json\/wp\/v2\/media?parent=3295"}],"wp:term":[{"taxonomy":"category","embeddable":true,"href":"https:\/\/agora.xtec.cat\/ceipfmacia-orrius\/wp-json\/wp\/v2\/categories?post=3295"},{"taxonomy":"post_tag","embeddable":true,"href":"https:\/\/agora.xtec.cat\/ceipfmacia-orrius\/wp-json\/wp\/v2\/tags?post=3295"}],"curies":[{"name":"wp","href":"https:\/\/api.w.org\/{rel}","templated":true}]}}