{"id":3287,"date":"2023-04-21T10:11:58","date_gmt":"2023-04-21T08:11:58","guid":{"rendered":"https:\/\/agora.xtec.cat\/ceipfmacia-orrius\/?p=3287"},"modified":"2023-04-21T10:11:58","modified_gmt":"2023-04-21T08:11:58","slug":"els-colors-de-la-primavera","status":"publish","type":"post","link":"https:\/\/agora.xtec.cat\/ceipfmacia-orrius\/general\/els-colors-de-la-primavera\/","title":{"rendered":"Els colors de la primavera"},"content":{"rendered":"<p><strong>\ud83c\udf38 Ens encanta la primavera! \ud83c\udf38<\/strong><\/p>\n<p>I \u00e9s que aquesta estaci\u00f3 tan bonica ens est\u00e0 regalant molts moments de descoberta. Estem observant que cada dia ens visiten papallones que volen pel nostre jard\u00ed, formigues que passegen carregades pel pati i ocells que reposen a les fustes.<\/p>\n<p>Estem aprofitant els dies de bon temps per sortir al pati a esmorzar, fer alguna activitat com psico i fins i tot hem fet sortides d&#8217;entorn que ens han fet sentir uns privilegiats i privilegiades pels paisatges tan bonics que tenim al nostre poble. Tamb\u00e9 hem sortit amb els companys i companyes d&#8217;infantil i hem pogut veure roselles i flors de molts colors. Com no podia ser d&#8217;altra manera, hem decorat l&#8217;escoleta perqu\u00e8 quedi ben colorida i alegre, com la primavera.<\/p>\n<p>Us deixem un recull de<a href=\"https:\/\/drive.google.com\/drive\/folders\/1K7Ix7KUsaE1vf21Z7yWfqrtMp3YgVxV-?usp=sharing\"> fotos<\/a> perqu\u00e8 pugueu veure tot el que estem aprenent i descobrint.<\/p>\n<p>&nbsp;<\/p>\n<p>&nbsp;<\/p>\n","protected":false},"excerpt":{"rendered":"<p>\ud83c\udf38 Ens encanta la primavera! \ud83c\udf38<br \/>\nI \u00e9s que aquesta estaci\u00f3 tan bonica ens est\u00e0 regalant molts moments de descoberta. Estem observant que cada dia ens visiten papallones que volen pel nostre jard\u00ed, formigues que passegen carregades pel pati i ocells que reposen a les fustes.<br \/>\nEstem&hellip;  <a href=\"https:\/\/agora.xtec.cat\/ceipfmacia-orrius\/general\/els-colors-de-la-primavera\/\" title=\"Read Els colors de la primavera\">Llegeix m\u00e9s\u00bb<\/a><\/p>\n","protected":false},"author":41,"featured_media":3290,"comment_status":"open","ping_status":"closed","sticky":false,"template":"","format":"standard","meta":{"_bbp_topic_count":0,"_bbp_reply_count":0,"_bbp_total_topic_count":0,"_bbp_total_reply_count":0,"_bbp_voice_count":0,"_bbp_anonymous_reply_count":0,"_bbp_topic_count_hidden":0,"_bbp_reply_count_hidden":0,"_bbp_forum_subforum_count":0,"footnotes":""},"categories":[170,1,4],"tags":[],"class_list":["post-3287","post","type-post","status-publish","format-standard","has-post-thumbnail","hentry","category-escoleta","category-general","category-portada"],"post_mailing_queue_ids":[],"_links":{"self":[{"href":"https:\/\/agora.xtec.cat\/ceipfmacia-orrius\/wp-json\/wp\/v2\/posts\/3287","targetHints":{"allow":["GET"]}}],"collection":[{"href":"https:\/\/agora.xtec.cat\/ceipfmacia-orrius\/wp-json\/wp\/v2\/posts"}],"about":[{"href":"https:\/\/agora.xtec.cat\/ceipfmacia-orrius\/wp-json\/wp\/v2\/types\/post"}],"author":[{"embeddable":true,"href":"https:\/\/agora.xtec.cat\/ceipfmacia-orrius\/wp-json\/wp\/v2\/users\/41"}],"replies":[{"embeddable":true,"href":"https:\/\/agora.xtec.cat\/ceipfmacia-orrius\/wp-json\/wp\/v2\/comments?post=3287"}],"version-history":[{"count":2,"href":"https:\/\/agora.xtec.cat\/ceipfmacia-orrius\/wp-json\/wp\/v2\/posts\/3287\/revisions"}],"predecessor-version":[{"id":3291,"href":"https:\/\/agora.xtec.cat\/ceipfmacia-orrius\/wp-json\/wp\/v2\/posts\/3287\/revisions\/3291"}],"wp:featuredmedia":[{"embeddable":true,"href":"https:\/\/agora.xtec.cat\/ceipfmacia-orrius\/wp-json\/wp\/v2\/media\/3290"}],"wp:attachment":[{"href":"https:\/\/agora.xtec.cat\/ceipfmacia-orrius\/wp-json\/wp\/v2\/media?parent=3287"}],"wp:term":[{"taxonomy":"category","embeddable":true,"href":"https:\/\/agora.xtec.cat\/ceipfmacia-orrius\/wp-json\/wp\/v2\/categories?post=3287"},{"taxonomy":"post_tag","embeddable":true,"href":"https:\/\/agora.xtec.cat\/ceipfmacia-orrius\/wp-json\/wp\/v2\/tags?post=3287"}],"curies":[{"name":"wp","href":"https:\/\/api.w.org\/{rel}","templated":true}]}}