{"id":3284,"date":"2023-05-03T11:06:55","date_gmt":"2023-05-03T09:06:55","guid":{"rendered":"https:\/\/agora.xtec.cat\/ceipfmacia-orrius\/?p=3284"},"modified":"2023-05-03T11:06:55","modified_gmt":"2023-05-03T09:06:55","slug":"ens-poden-visitar-els-extraterrestres","status":"publish","type":"post","link":"https:\/\/agora.xtec.cat\/ceipfmacia-orrius\/general\/ens-poden-visitar-els-extraterrestres\/","title":{"rendered":"ENS PODEN VISITAR ELS EXTRATERRESTRES?"},"content":{"rendered":"<p>L&#8217;escola \u00e9s oberta a les fam\u00edlies i els alumnes de cinqu\u00e8 han tingut la sort de fer un taller amb un pare de l&#8217;escola. La pregunta que volem respondre \u00e9s: hi ha la possiblitat d&#8217;establir connexi\u00f3 amb algun extraterrestre o ens podr\u00eden venir a visitar? Amb quins obstacles es podrien trobar? hem estat jugant amb les mesures per tal d&#8217;arribar a descobrir-ho.<\/p>\n<p><a href=\"https:\/\/drive.google.com\/drive\/folders\/1BqjVtpCRcITtzEiyeiceaOE5Mao9bn3B?usp=share_link\">Mireu que interessant<\/a><\/p>\n","protected":false},"excerpt":{"rendered":"<p>L&#8217;escola \u00e9s oberta a les fam\u00edlies i els alumnes de cinqu\u00e8 han tingut la sort de fer un taller amb un pare de l&#8217;escola. La pregunta que volem respondre \u00e9s: hi ha la possiblitat d&#8217;establir connexi\u00f3 amb algun extraterrestre o ens podr\u00eden venir a visitar?&hellip;  <a href=\"https:\/\/agora.xtec.cat\/ceipfmacia-orrius\/general\/ens-poden-visitar-els-extraterrestres\/\" title=\"Read ENS PODEN VISITAR ELS EXTRATERRESTRES?\">Llegeix m\u00e9s\u00bb<\/a><\/p>\n","protected":false},"author":1,"featured_media":3305,"comment_status":"open","ping_status":"closed","sticky":false,"template":"","format":"standard","meta":{"_bbp_topic_count":0,"_bbp_reply_count":0,"_bbp_total_topic_count":0,"_bbp_total_reply_count":0,"_bbp_voice_count":0,"_bbp_anonymous_reply_count":0,"_bbp_topic_count_hidden":0,"_bbp_reply_count_hidden":0,"_bbp_forum_subforum_count":0,"footnotes":""},"categories":[1,4],"tags":[],"class_list":["post-3284","post","type-post","status-publish","format-standard","has-post-thumbnail","hentry","category-general","category-portada"],"post_mailing_queue_ids":[],"_links":{"self":[{"href":"https:\/\/agora.xtec.cat\/ceipfmacia-orrius\/wp-json\/wp\/v2\/posts\/3284","targetHints":{"allow":["GET"]}}],"collection":[{"href":"https:\/\/agora.xtec.cat\/ceipfmacia-orrius\/wp-json\/wp\/v2\/posts"}],"about":[{"href":"https:\/\/agora.xtec.cat\/ceipfmacia-orrius\/wp-json\/wp\/v2\/types\/post"}],"author":[{"embeddable":true,"href":"https:\/\/agora.xtec.cat\/ceipfmacia-orrius\/wp-json\/wp\/v2\/users\/1"}],"replies":[{"embeddable":true,"href":"https:\/\/agora.xtec.cat\/ceipfmacia-orrius\/wp-json\/wp\/v2\/comments?post=3284"}],"version-history":[{"count":3,"href":"https:\/\/agora.xtec.cat\/ceipfmacia-orrius\/wp-json\/wp\/v2\/posts\/3284\/revisions"}],"predecessor-version":[{"id":3306,"href":"https:\/\/agora.xtec.cat\/ceipfmacia-orrius\/wp-json\/wp\/v2\/posts\/3284\/revisions\/3306"}],"wp:featuredmedia":[{"embeddable":true,"href":"https:\/\/agora.xtec.cat\/ceipfmacia-orrius\/wp-json\/wp\/v2\/media\/3305"}],"wp:attachment":[{"href":"https:\/\/agora.xtec.cat\/ceipfmacia-orrius\/wp-json\/wp\/v2\/media?parent=3284"}],"wp:term":[{"taxonomy":"category","embeddable":true,"href":"https:\/\/agora.xtec.cat\/ceipfmacia-orrius\/wp-json\/wp\/v2\/categories?post=3284"},{"taxonomy":"post_tag","embeddable":true,"href":"https:\/\/agora.xtec.cat\/ceipfmacia-orrius\/wp-json\/wp\/v2\/tags?post=3284"}],"curies":[{"name":"wp","href":"https:\/\/api.w.org\/{rel}","templated":true}]}}