{"id":3271,"date":"2023-03-22T19:19:51","date_gmt":"2023-03-22T18:19:51","guid":{"rendered":"https:\/\/agora.xtec.cat\/ceipfmacia-orrius\/?p=3271"},"modified":"2024-04-26T12:26:34","modified_gmt":"2024-04-26T10:26:34","slug":"projecte-de-lunivers-2","status":"publish","type":"post","link":"https:\/\/agora.xtec.cat\/ceipfmacia-orrius\/infantil\/maons\/projecte-de-lunivers-2\/","title":{"rendered":"Projecte de l&#8217;Univers (2)"},"content":{"rendered":"<p>Aquest segon trimestre hem continuat el projecte de l&#8217;Univers! Va arribar la nostra mascota Io i amb ella hem anat descobrint el nostre sistema solar. Cada setmana la nostra mascota Io va a casa d&#8217;un de nosaltres a passar el cap de setmana i entre tots li anem fent el llibre de la seva estada a la Terra! De mica en mica, amb l&#8217;ajuda dels pares i mares, tamb\u00e9 anem muntant el nostre mural on hi tenim un planetari, llibres, fotos, nebuloses.. i moltes coses m\u00e9s sobre l&#8217;Univers! Aquests dies hem descobert moltes coses sobre la lluna, el nostre sat\u00e8l\u00b7lit, de la m\u00e0 d&#8217;un gran cient\u00edfic: En Galielu Galilei!<\/p>\n<p><a href=\"https:\/\/drive.google.com\/drive\/u\/1\/folders\/1gyAkHoc_aiUSq3efMMjuqNaBfBQL6W9U\">Mural Projecte<\/a><br \/>\n<a href=\"https:\/\/drive.google.com\/drive\/u\/1\/folders\/1eT2BJTII6ra-UYJ4BKe-Jq-Bd0-Bu3xb\">Fases de la Lluna<\/a><br \/>\n<a href=\"https:\/\/drive.google.com\/drive\/u\/1\/folders\/1e4Ig_eTzHjbMmtAXCjvq9tqBep77n4Mp\">Arriba la nostra \u00cdo<\/a><\/p>\n","protected":false},"excerpt":{"rendered":"<p>Aquest segon trimestre hem continuat el projecte de l&#8217;Univers! Va arribar la nostra mascota Io i amb ella hem anat descobrint el nostre sistema solar. Cada setmana la nostra mascota Io va a casa d&#8217;un de nosaltres a passar el cap de setmana i entre&hellip;  <a href=\"https:\/\/agora.xtec.cat\/ceipfmacia-orrius\/infantil\/maons\/projecte-de-lunivers-2\/\" title=\"Read Projecte de l&#8217;Univers (2)\">Llegeix m\u00e9s\u00bb<\/a><\/p>\n","protected":false},"author":17,"featured_media":3275,"comment_status":"open","ping_status":"closed","sticky":false,"template":"","format":"standard","meta":{"_bbp_topic_count":0,"_bbp_reply_count":0,"_bbp_total_topic_count":0,"_bbp_total_reply_count":0,"_bbp_voice_count":0,"_bbp_anonymous_reply_count":0,"_bbp_topic_count_hidden":0,"_bbp_reply_count_hidden":0,"_bbp_forum_subforum_count":0,"footnotes":""},"categories":[3],"tags":[],"class_list":["post-3271","post","type-post","status-publish","format-standard","has-post-thumbnail","hentry","category-maons"],"post_mailing_queue_ids":[],"_links":{"self":[{"href":"https:\/\/agora.xtec.cat\/ceipfmacia-orrius\/wp-json\/wp\/v2\/posts\/3271","targetHints":{"allow":["GET"]}}],"collection":[{"href":"https:\/\/agora.xtec.cat\/ceipfmacia-orrius\/wp-json\/wp\/v2\/posts"}],"about":[{"href":"https:\/\/agora.xtec.cat\/ceipfmacia-orrius\/wp-json\/wp\/v2\/types\/post"}],"author":[{"embeddable":true,"href":"https:\/\/agora.xtec.cat\/ceipfmacia-orrius\/wp-json\/wp\/v2\/users\/17"}],"replies":[{"embeddable":true,"href":"https:\/\/agora.xtec.cat\/ceipfmacia-orrius\/wp-json\/wp\/v2\/comments?post=3271"}],"version-history":[{"count":6,"href":"https:\/\/agora.xtec.cat\/ceipfmacia-orrius\/wp-json\/wp\/v2\/posts\/3271\/revisions"}],"predecessor-version":[{"id":3802,"href":"https:\/\/agora.xtec.cat\/ceipfmacia-orrius\/wp-json\/wp\/v2\/posts\/3271\/revisions\/3802"}],"wp:featuredmedia":[{"embeddable":true,"href":"https:\/\/agora.xtec.cat\/ceipfmacia-orrius\/wp-json\/wp\/v2\/media\/3275"}],"wp:attachment":[{"href":"https:\/\/agora.xtec.cat\/ceipfmacia-orrius\/wp-json\/wp\/v2\/media?parent=3271"}],"wp:term":[{"taxonomy":"category","embeddable":true,"href":"https:\/\/agora.xtec.cat\/ceipfmacia-orrius\/wp-json\/wp\/v2\/categories?post=3271"},{"taxonomy":"post_tag","embeddable":true,"href":"https:\/\/agora.xtec.cat\/ceipfmacia-orrius\/wp-json\/wp\/v2\/tags?post=3271"}],"curies":[{"name":"wp","href":"https:\/\/api.w.org\/{rel}","templated":true}]}}