{"id":3268,"date":"2023-03-27T18:26:24","date_gmt":"2023-03-27T16:26:24","guid":{"rendered":"https:\/\/agora.xtec.cat\/ceipfmacia-orrius\/?p=3268"},"modified":"2024-04-26T12:19:44","modified_gmt":"2024-04-26T10:19:44","slug":"art-a-lhivern","status":"publish","type":"post","link":"https:\/\/agora.xtec.cat\/ceipfmacia-orrius\/infantil\/art-a-lhivern\/","title":{"rendered":"Art a l&#8217;hivern!"},"content":{"rendered":"<p>Ara que ja s&#8217;ha acabat l&#8217;hivern us fem arribar les fotos del que hem treballat aquests dies! Hem fet una representaci\u00f3 pl\u00e0stica del liquid\u00e0mbar, que ara est\u00e0 sense fulles i tamb\u00e9, despr\u00e9s de visitar la Fundaci\u00f3 T\u00e0pies, ens hem animat a fer les nostres creacions a partir de l&#8217;observaci\u00f3 dels quadres del pintor i les diferents t\u00e8cniques que feia servir! Ens ha agradat molt fer aquest treball i ha estat molt interessant descobrir l&#8217;obra d&#8217;aquest artista!<\/p>\n<p><a href=\"https:\/\/drive.google.com\/drive\/u\/1\/folders\/1avymZcEWUzRQKBJMf5jUMNdLxF7jsEBr\">Art T\u00e0pies 1<\/a><\/p>\n<p><a href=\"https:\/\/drive.google.com\/drive\/u\/1\/folders\/1PkiunW5UdgqIj0CFbac8sgLt2BfMn83k\">Art T\u00e0pies 2<\/a><\/p>\n","protected":false},"excerpt":{"rendered":"<p>Ara que ja s&#8217;ha acabat l&#8217;hivern us fem arribar les fotos del que hem treballat aquests dies! Hem fet una representaci\u00f3 pl\u00e0stica del liquid\u00e0mbar, que ara est\u00e0 sense fulles i tamb\u00e9, despr\u00e9s de visitar la Fundaci\u00f3 T\u00e0pies, ens hem animat a fer les nostres creacions&hellip;  <a href=\"https:\/\/agora.xtec.cat\/ceipfmacia-orrius\/infantil\/art-a-lhivern\/\" title=\"Read Art a l&#8217;hivern!\">Llegeix m\u00e9s\u00bb<\/a><\/p>\n","protected":false},"author":17,"featured_media":3277,"comment_status":"open","ping_status":"closed","sticky":false,"template":"","format":"standard","meta":{"_bbp_topic_count":0,"_bbp_reply_count":0,"_bbp_total_topic_count":0,"_bbp_total_reply_count":0,"_bbp_voice_count":0,"_bbp_anonymous_reply_count":0,"_bbp_topic_count_hidden":0,"_bbp_reply_count_hidden":0,"_bbp_forum_subforum_count":0,"footnotes":""},"categories":[2,3,8],"tags":[],"class_list":["post-3268","post","type-post","status-publish","format-standard","has-post-thumbnail","hentry","category-infantil","category-maons","category-aquatics-infantil"],"post_mailing_queue_ids":[],"_links":{"self":[{"href":"https:\/\/agora.xtec.cat\/ceipfmacia-orrius\/wp-json\/wp\/v2\/posts\/3268","targetHints":{"allow":["GET"]}}],"collection":[{"href":"https:\/\/agora.xtec.cat\/ceipfmacia-orrius\/wp-json\/wp\/v2\/posts"}],"about":[{"href":"https:\/\/agora.xtec.cat\/ceipfmacia-orrius\/wp-json\/wp\/v2\/types\/post"}],"author":[{"embeddable":true,"href":"https:\/\/agora.xtec.cat\/ceipfmacia-orrius\/wp-json\/wp\/v2\/users\/17"}],"replies":[{"embeddable":true,"href":"https:\/\/agora.xtec.cat\/ceipfmacia-orrius\/wp-json\/wp\/v2\/comments?post=3268"}],"version-history":[{"count":6,"href":"https:\/\/agora.xtec.cat\/ceipfmacia-orrius\/wp-json\/wp\/v2\/posts\/3268\/revisions"}],"predecessor-version":[{"id":3800,"href":"https:\/\/agora.xtec.cat\/ceipfmacia-orrius\/wp-json\/wp\/v2\/posts\/3268\/revisions\/3800"}],"wp:featuredmedia":[{"embeddable":true,"href":"https:\/\/agora.xtec.cat\/ceipfmacia-orrius\/wp-json\/wp\/v2\/media\/3277"}],"wp:attachment":[{"href":"https:\/\/agora.xtec.cat\/ceipfmacia-orrius\/wp-json\/wp\/v2\/media?parent=3268"}],"wp:term":[{"taxonomy":"category","embeddable":true,"href":"https:\/\/agora.xtec.cat\/ceipfmacia-orrius\/wp-json\/wp\/v2\/categories?post=3268"},{"taxonomy":"post_tag","embeddable":true,"href":"https:\/\/agora.xtec.cat\/ceipfmacia-orrius\/wp-json\/wp\/v2\/tags?post=3268"}],"curies":[{"name":"wp","href":"https:\/\/api.w.org\/{rel}","templated":true}]}}